{"id":17731,"date":"2024-10-09T08:55:04","date_gmt":"2024-10-09T06:55:04","guid":{"rendered":"https:\/\/www.agrarinfo.ch\/verschiedene\/microtrottoir\/"},"modified":"2024-10-29T12:57:18","modified_gmt":"2024-10-29T11:57:18","slug":"umfrage","status":"publish","type":"post","link":"https:\/\/www.agrarinfo.ch\/de\/gesellschaft\/umfrage\/","title":{"rendered":"Umfrage"},"content":{"rendered":"<!--themify_builder_content-->\n<div id=\"themify_builder_content-17731\" data-postid=\"17731\" class=\"themify_builder_content themify_builder_content-17731 themify_builder tf_clear\">\n    \t\t\t\t<!-- module_row -->\n\t\t<div  data-lazy=\"1\" class=\"module_row themify_builder_row tb_k6d4846 tb_first tf_w tf_clearfix\">\n\t\t\t\t\t<div class=\"row_inner col_align_top tb_col_count_1 tf_box tf_rel\">\n\t\t\t\t\t<div  data-lazy=\"1\" class=\"module_column tb-column col-full tb_96eh847 first\">\n\t\t\t\t\t\t\t\t\t<div class=\"tb-column-inner tf_box tf_w\">\n\t\t\t\t<!-- module text -->\n<div  class=\"module module-text tb_nv9z176   \" data-lazy=\"1\">\n        <div  class=\"tb_text_wrap\">\n    <p>Zur Vorbereitung der Konferenz <a href=\"https:\/\/welternaehrungstag.ch\" target=\"_blank\" rel=\"noopener\"><strong>Macht &amp; Markt, wer entscheidet \u00fcber unser Essen?<\/strong><\/a> wollten wir wissen, wie die Schweizer Bev\u00f6lkerung ihre Freiheit im Bezug auf ihre Ern\u00e4hrung wahrnimmt. 360 Menschen haben an unserer Umfrage teilgenommen, 38% davon aus der West-, die \u00fcbrigen aus der Deutschschweiz. Der Fragebogen wurde via Newsletters und Social Media versandt und 53 Interviews wurden mit Passant*innen am Bahnhof und auf dem Wochenmarkt pers\u00f6nlich gef\u00fchrt. Der vorliegende Rapport skizziert gewisse Trends, erhebt aber nicht den Anspruch, auf nationaler Ebene repr\u00e4sentativ zu sein.<\/p>\n<p>Von den Befragten sind zwei Drittel Frauen, ca. 20% sind zwischen 25-40 Jahre alt, 40% zwischen 40-60, und ungef\u00e4hr 35% sind \u00fcber 60.\u00a0 Rund 63% der Teilnehmer*innen sind angestellt oder selbst\u00e4ndig. Etwas \u00fcber 21% sind pensioniert.<\/p>\n<p>Im Folgenden fassen wir die Resultate und Tendenzen zusammen, die aus der Umfrage hervorgingen und wir f\u00fcr wesentlich hielten.<\/p>    <\/div>\n<\/div>\n<!-- \/module text -->\t\t\t\t<\/div><!-- .tb-column-inner -->\n\t\t\t\t\t\t<\/div><!-- .module_column -->\n\t\t\t\t\t\t<\/div><!-- .row_inner -->\n\t\t<\/div><!-- .module_row -->\n\t\t\t\t\t\t\t\t<!-- module_row -->\n\t\t<div  data-lazy=\"1\" class=\"module_row themify_builder_row tb_lsyi87 tf_w tf_clearfix\">\n\t\t\t\t\t<div class=\"row_inner col_align_top tb_col_count_1 tf_box tf_rel\">\n\t\t\t\t\t<div  data-lazy=\"1\" class=\"module_column tb-column col-full tb_sseu88 first\">\n\t\t\t\t\t\t\t\t\t<div class=\"tb-column-inner tf_box tf_w\">\n\t\t\t\t<!-- module text -->\n<div  class=\"module module-text tb_vj0168   \" data-lazy=\"1\">\n        <div  class=\"tb_text_wrap\">\n    <h4>Gern Kochen, gern Essen<\/h4>\n<p>Die grosse Mehrheit gab an, gerne zu Kochen (88% in der Romandie, 83% in der Deutschschweiz) und fast 100% sagen, dass sie gerne essen.<\/p>    <\/div>\n<\/div>\n<!-- \/module text -->\t\t\t\t<\/div><!-- .tb-column-inner -->\n\t\t\t\t\t\t<\/div><!-- .module_column -->\n\t\t\t\t\t\t<\/div><!-- .row_inner -->\n\t\t<\/div><!-- .module_row -->\n\t\t\t\t\t\t\t\t<!-- module_row -->\n\t\t<div  data-lazy=\"1\" class=\"module_row themify_builder_row tb_iel8244 tf_w tf_clearfix\">\n\t\t\t\t\t<div class=\"row_inner col_align_top tb_col_count_1 tf_box tf_rel\">\n\t\t\t\t\t<div  data-lazy=\"1\" class=\"module_column tb-column col-full tb_ha6m244 first\">\n\t\t\t\t\t\t\t\t\t<div class=\"tb-column-inner tf_box tf_w\">\n\t\t\t\t<!-- module text -->\n<div  class=\"module module-text tb_e4ks8   \" data-lazy=\"1\">\n        <div  class=\"tb_text_wrap\">\n    <p>Die Mehrheit der Mahlzeiten, die zu Hause eingenommen werden, werden auch zu Hause zubereitet.\u00a0 Und f\u00fcr die H\u00e4lfte der Personen ist das Abendessen die Hauptmahlzeit.<\/p>    <\/div>\n<\/div>\n<!-- \/module text -->\t\t\t\t<\/div><!-- .tb-column-inner -->\n\t\t\t\t\t\t<\/div><!-- .module_column -->\n\t\t\t\t\t\t<\/div><!-- .row_inner -->\n\t\t<\/div><!-- .module_row -->\n\t\t\t\t\t\t\t\t<!-- module_row -->\n\t\t<div  data-lazy=\"1\" class=\"module_row themify_builder_row tb_p0xa404 tf_w tf_clearfix\">\n\t\t\t\t\t<div class=\"row_inner col_align_top tb_col_count_1 tf_box tf_rel\">\n\t\t\t\t\t<div  data-lazy=\"1\" class=\"module_column tb-column col-full tb_kxjs405 first\">\n\t\t\t\t\t\t\t\t\t<div class=\"tb-column-inner tf_box tf_w\">\n\t\t\t\t<!-- module text -->\n<div  class=\"module module-text tb_uobg421   \" data-lazy=\"1\">\n        <div  class=\"tb_text_wrap\">\n    <h4>Angebot und Nachfrage<\/h4>\n<p>Bloss 8% sagen, dass sie sich nicht f\u00fcr die Zusammensetzung von Fertigprodukten interessieren.\u00a0 Aber <strong>von den 92%, die auf die Zusammensetzung achten, kaufen 13% trotzdem das Produkt, das Inhaltstoffe enth\u00e4lt, die sie eigentlich nicht m\u00f6chten,<\/strong> sofern keine Alternative angeboten wird (17% in der Deutschschweiz, 13% in der Romandie).<\/p>    <\/div>\n<\/div>\n<!-- \/module text -->\t\t\t\t<\/div><!-- .tb-column-inner -->\n\t\t\t\t\t\t<\/div><!-- .module_column -->\n\t\t\t\t\t\t<\/div><!-- .row_inner -->\n\t\t<\/div><!-- .module_row -->\n\t\t\t\t\t\t\t\t<!-- module_row -->\n\t\t<div  data-lazy=\"1\" class=\"module_row themify_builder_row tb_ra2z487 tf_w tf_clearfix\">\n\t\t\t\t\t<div class=\"row_inner col_align_top tb_col_count_1 tf_box tf_rel\">\n\t\t\t\t\t<div  data-lazy=\"1\" class=\"module_column tb-column col-full tb_pqnc487 first\">\n\t\t\t\t\t\t\t\t\t<div class=\"tb-column-inner tf_box tf_w\">\n\t\t\t\t<!-- module text -->\n<div  class=\"module module-text tb_6f4p916   \" data-lazy=\"1\">\n        <div  class=\"tb_text_wrap\">\n    <h4>Auslage und Sonderangebote<\/h4>\n<p>Fast die H\u00e4lfte der Befragten sagen, dass sie Produkte w\u00e4hlen, die speziell platziert und\/oder als Sonderangebot pr\u00e4sentiert werden.<\/p>\n<p>F\u00fcr 11% der Deutschschweizer*innen und 7% der Personen aus der Romandie machen Spontaneink\u00e4ufe zwischen \u00bc &#8211;\u00a0<span style=\"font-size: 11pt;background-color: initial\">\u00bd\u00a0<\/span><span style=\"background-color: initial;font-size: 1em\">ihres Warenkorbes aus. 50% der Befragten sch\u00e4tzen, dass sie bis ein Viertel der Lebensmittel ungeplant einkaufen.<\/span><\/p>    <\/div>\n<\/div>\n<!-- \/module text -->\t\t\t\t<\/div><!-- .tb-column-inner -->\n\t\t\t\t\t\t<\/div><!-- .module_column -->\n\t\t\t\t\t\t<\/div><!-- .row_inner -->\n\t\t<\/div><!-- .module_row -->\n\t\t\t\t\t\t\t\t<!-- module_row -->\n\t\t<div  data-lazy=\"1\" class=\"module_row themify_builder_row tb_yqq2845 tf_w tf_clearfix\">\n\t\t\t\t\t<div class=\"row_inner col_align_top tb_col_count_1 tf_box tf_rel\">\n\t\t\t\t\t<div  data-lazy=\"1\" class=\"module_column tb-column col-full tb_vzbd845 first\">\n\t\t\t\t\t\t\t\t\t<div class=\"tb-column-inner tf_box tf_w\">\n\t\t\t\t<!-- module text -->\n<div  class=\"module module-text tb_7p6t867   \" data-lazy=\"1\">\n        <div  class=\"tb_text_wrap\">\n    <h4>Schweizer Produkte<\/h4>\n<p>\u00dcber 90% der Teilnehmer*nnen sagen, sie kaufen Schweizer Produkte und fast 85% kaufen regionale und \u00f6kologische Produkte. Allerdings kauft die gleiche Anzahl Menschen manchmal bis h\u00e4ufig industrielle Fertigprodukte.<\/p>    <\/div>\n<\/div>\n<!-- \/module text -->\t\t\t\t<\/div><!-- .tb-column-inner -->\n\t\t\t\t\t\t<\/div><!-- .module_column -->\n\t\t\t\t\t\t<\/div><!-- .row_inner -->\n\t\t<\/div><!-- .module_row -->\n\t\t\t\t\t\t\t\t<!-- module_row -->\n\t\t<div  data-lazy=\"1\" class=\"module_row themify_builder_row tb_9ucz333 tf_w tf_clearfix\">\n\t\t\t\t\t<div class=\"row_inner col_align_top tb_col_count_1 tf_box tf_rel\">\n\t\t\t\t\t<div  data-lazy=\"1\" class=\"module_column tb-column col-full tb_8jr7334 first\">\n\t\t\t\t\t\t\t\t\t<div class=\"tb-column-inner tf_box tf_w\">\n\t\t\t\t<!-- module text -->\n<div  class=\"module module-text tb_fdtw358   \" data-lazy=\"1\">\n        <div  class=\"tb_text_wrap\">\n    <p>Die grosse Mehrheit (96%) der Befragten interessiert sich f\u00fcr die Bedingungen, unter denen die Lebensmittel produziert wurden (Arbeitsbedingungen, L\u00f6hne, Kinderarbeit).<\/p>    <\/div>\n<\/div>\n<!-- \/module text -->\t\t\t\t<\/div><!-- .tb-column-inner -->\n\t\t\t\t\t\t<\/div><!-- .module_column -->\n\t\t\t\t\t\t<\/div><!-- .row_inner -->\n\t\t<\/div><!-- .module_row -->\n\t\t\t\t\t\t\t\t<!-- module_row -->\n\t\t<div  data-lazy=\"1\" class=\"module_row themify_builder_row tb_9lab845 tf_w tf_clearfix\">\n\t\t\t\t\t<div class=\"row_inner col_align_top tb_col_count_1 tf_box tf_rel\">\n\t\t\t\t\t<div  data-lazy=\"1\" class=\"module_column tb-column col-full tb_vuhq845 first\">\n\t\t\t\t\t\t\t\t\t<div class=\"tb-column-inner tf_box tf_w\">\n\t\t\t\t<!-- module text -->\n<div  class=\"module module-text tb_vkib869   \" data-lazy=\"1\">\n        <div  class=\"tb_text_wrap\">\n    <h4>Einzelh\u00e4ndler<\/h4>\n<p>Auf die Frage \u00abSind Sie der Meinung, dass die grossen Einzelhandelsunternehmen auf die Bed\u00fcrfnisse der Konsument*innen reagieren?\u00bb antworteten 64% der Befragten aus der West- und 39% aus der Deutschschweiz, sie ber\u00fccksichtigen die Bed\u00fcrfnisse der Konsument*innen \u00ab\u00fcberhaupt nicht\u00bb oder \u00absehr wenig\u00bb.<\/p>\n<p>Fast 2 von 3 Personen haben eine Treuekarte.<\/p>    <\/div>\n<\/div>\n<!-- \/module text -->\t\t\t\t<\/div><!-- .tb-column-inner -->\n\t\t\t\t\t\t<\/div><!-- .module_column -->\n\t\t\t\t\t\t<\/div><!-- .row_inner -->\n\t\t<\/div><!-- .module_row -->\n\t\t\t\t\t\t\t\t<!-- module_row -->\n\t\t<div  data-lazy=\"1\" class=\"module_row themify_builder_row tb_bmy5937 tf_w tf_clearfix\">\n\t\t\t\t\t<div class=\"row_inner col_align_top tb_col_count_1 tf_box tf_rel\">\n\t\t\t\t\t<div  data-lazy=\"1\" class=\"module_column tb-column col-full tb_y0fa937 first\">\n\t\t\t\t\t\t\t\t\t<div class=\"tb-column-inner tf_box tf_w\">\n\t\t\t\t<!-- module text -->\n<div  class=\"module module-text tb_ml4c191   \" data-lazy=\"1\">\n        <div  class=\"tb_text_wrap\">\n    <h4>Kaufkriterien<\/h4>\n<p>Am wichtigsten finden die Befragten Saisonalit\u00e4t der Produkte (84% der in der Deutschschweiz Befragten und 86% der in der Westschweiz Befragten), gefolgt von der Regionalit\u00e4t (80% in der Deutschschweiz, 90% im Welschland). Ebenfalls wichtig sind unverarbeitete Produkte (75% in der Deutschschweiz und 78% Westschweiz) und biologische Produkte (69% in der Deutschschweiz und 71% in der Welschschweiz).<\/p>\n<p>Der Preis ist f\u00fcr 54% der in der Westschweiz Befragten wichtig und f\u00fcr 31% derjenigen, die den Fragebogen in der Deutschschweiz ausgef\u00fcllt haben.<\/p>    <\/div>\n<\/div>\n<!-- \/module text -->\t\t\t\t<\/div><!-- .tb-column-inner -->\n\t\t\t\t\t\t<\/div><!-- .module_column -->\n\t\t\t\t\t\t<\/div><!-- .row_inner -->\n\t\t<\/div><!-- .module_row -->\n\t\t\t\t\t\t\t\t<!-- module_row -->\n\t\t<div  data-lazy=\"1\" class=\"module_row themify_builder_row tb_za4l929 tf_w tf_clearfix\">\n\t\t\t\t\t<div class=\"row_inner col_align_top tb_col_count_1 tf_box tf_rel\">\n\t\t\t\t\t<div  data-lazy=\"1\" class=\"module_column tb-column col-full tb_4d62930 first\">\n\t\t\t\t\t\t\t\t\t<div class=\"tb-column-inner tf_box tf_w\">\n\t\t\t\t<!-- module text -->\n<div  class=\"module module-text tb_4f0o953   \" data-lazy=\"1\">\n        <div  class=\"tb_text_wrap\">\n    <h4>Abfall<\/h4>\n<p>Unsere Befragung zeigt auch eine Tendenz f\u00fcr weniger Foodwaste: 69% resp. 82% sind bereit, kurz vor Ladenschluss nicht mehr das gesamte Sortiment zur Verf\u00fcgung zu haben, wenn dies dazu beitr\u00e4gt, die Verschwendung zu reduzieren. Bez\u00fcglich Verpackungsverschleiss sehen allerdings nur 38% der in der Deutschschweiz Befragten und 60% der im Welschland Befragten die M\u00f6glichkeit, diesen zu verringern.<\/p>    <\/div>\n<\/div>\n<!-- \/module text -->\t\t\t\t<\/div><!-- .tb-column-inner -->\n\t\t\t\t\t\t<\/div><!-- .module_column -->\n\t\t\t\t\t\t<\/div><!-- .row_inner -->\n\t\t<\/div><!-- .module_row -->\n\t\t\t\t\t\t\t\t<!-- module_row -->\n\t\t<div  data-lazy=\"1\" class=\"module_row themify_builder_row tb_1wnr337 tf_w tf_clearfix\">\n\t\t\t\t\t<div class=\"row_inner col_align_top tb_col_count_1 tf_box tf_rel\">\n\t\t\t\t\t<div  data-lazy=\"1\" class=\"module_column tb-column col-full tb_cqoc338 first\">\n\t\t\t\t\t\t\t\t\t<div class=\"tb-column-inner tf_box tf_w\">\n\t\t\t\t<!-- module text -->\n<div  class=\"module module-text tb_i62h361   \" data-lazy=\"1\">\n        <div  class=\"tb_text_wrap\">\n    <p>\u00dcber 90% der Befragten denken, ihr Konsum habe einen Einfluss auf Drittl\u00e4nder und Drittpersonen.<\/p>    <\/div>\n<\/div>\n<!-- \/module text -->\t\t\t\t<\/div><!-- .tb-column-inner -->\n\t\t\t\t\t\t<\/div><!-- .module_column -->\n\t\t\t\t\t\t<\/div><!-- .row_inner -->\n\t\t<\/div><!-- .module_row -->\n\t\t\t\t\t\t\t\t<!-- module_row -->\n\t\t<div  data-lazy=\"1\" class=\"module_row themify_builder_row tb_ny6h43 tf_w tf_clearfix\">\n\t\t\t\t\t<div class=\"row_inner col_align_top tb_col_count_1 tf_box tf_rel\">\n\t\t\t\t\t<div  data-lazy=\"1\" class=\"module_column tb-column col-full tb_28ib43 first\">\n\t\t\t\t\t\t\t\t\t<div class=\"tb-column-inner tf_box tf_w\">\n\t\t\t\t<!-- module text -->\n<div  class=\"module module-text tb_5be269   \" data-lazy=\"1\">\n        <div  class=\"tb_text_wrap\">\n    <h4>Wer bestimmt, was Sie essen?<\/h4>\n<p>Auch wenn die Menschen erkennen, dass verschiedene Faktoren das Lebensmittelangebot beeinflussen \u2013 politische Vereinbarungen, Multinationale, Grossverteiler und B\u00e4uerinnen und Bauern \u2013 die Mehrheit denkt, dass schlussendlich sie selber entscheiden, was sie essen.<\/p>    <\/div>\n<\/div>\n<!-- \/module text -->\t\t\t\t<\/div><!-- .tb-column-inner -->\n\t\t\t\t\t\t<\/div><!-- .module_column -->\n\t\t\t\t\t\t<\/div><!-- .row_inner -->\n\t\t<\/div><!-- .module_row -->\n\t\t\t\t\t\t\t\t<!-- module_row -->\n\t\t<div  data-lazy=\"1\" class=\"module_row themify_builder_row tb_n8dh419 tf_w tf_clearfix\">\n\t\t\t\t\t<div class=\"row_inner col_align_top tb_col_count_1 tf_box tf_rel\">\n\t\t\t\t\t<div  data-lazy=\"1\" class=\"module_column tb-column col-full tb_qwws419 first\">\n\t\t\t\t\t\t\t\t\t<div class=\"tb-column-inner tf_box tf_w\">\n\t\t\t\t<!-- module text -->\n<div  class=\"module module-text tb_ntg8447   \" data-lazy=\"1\">\n        <div  class=\"tb_text_wrap\">\n    <h4>Zu verbessern<\/h4>\n<p>Praktisch alle Befragten sehen Verbesserungsbedarf im Ern\u00e4hrungssystem. Auf die Frage, was sie \u00e4ndern w\u00fcrden, antworteten 70% \u00abdas Angebot lokaler Produkte erh\u00f6hen\u00bb, 69% w\u00fcnschten sich mehr Transparenz in der Wertsch\u00f6pfungskette, 65% bessere Information und Sensibilisierung der Bev\u00f6lkerung, und 60% w\u00fcrden die Produzent*innenpreise erh\u00f6hen.<\/p>    <\/div>\n<\/div>\n<!-- \/module text -->\t\t\t\t<\/div><!-- .tb-column-inner -->\n\t\t\t\t\t\t<\/div><!-- .module_column -->\n\t\t\t\t\t\t<\/div><!-- .row_inner -->\n\t\t<\/div><!-- .module_row -->\n\t\t\t\t\t\t\t\t<!-- module_row -->\n\t\t<div  data-lazy=\"1\" class=\"module_row themify_builder_row tb_mxnr372 tf_w tf_clearfix\">\n\t\t\t\t\t<div class=\"row_inner col_align_top tb_col_count_1 tf_box tf_rel\">\n\t\t\t\t\t<div  data-lazy=\"1\" class=\"module_column tb-column col-full tb_1uo8372 first\">\n\t\t\t\t\t\t\t\t\t<div class=\"tb-column-inner tf_box tf_w\">\n\t\t\t\t<!-- module text -->\n<div  class=\"module module-text tb_rk1v398   \" data-lazy=\"1\">\n        <div  class=\"tb_text_wrap\">\n    <h2>Schlussfolgerungen<\/h2>\n<p>Die Personen, die an der Umfrage teilgenommen haben, kochen gerne und essen gerne. Das zeigt, dass Essen nicht nur Nahrungsaufnahme, sondern wahrscheinlich auch Genuss bedeutet. Sie bevorzugen Schweizer und saisonale Produkte. Die grosse Mehrheit gibt an, sich f\u00fcr die Produktionsbedingungen der Lebensmittel zu interessieren. Und\u00a0<span lang=\"DE-CH\" style=\"font-size: 11.0pt;font-family: 'Aptos',sans-serif\">\u00be<\/span>\u00a0von ihnen bevorzugen den Kauf von Rohprodukten, auch wenn gleichzeitig die gleiche Anzahl von Personen angibt, verarbeitete Produkte zu kaufen, informieren sie sich dennoch dar\u00fcber, was diese enthalten.<\/p>\n<p>Die Befragten sind sich bewusst , dass andere Akteure (Freihandelsabkommen, multinationale Unternehmen, Superm\u00e4rkte usw.) \u00fcber die ihnen angebotenen Lebensmittel entscheiden, und haben dennoch den Eindruck, dass die Wahl der Lebensmittel bei ihnen selber liegt (auch in Abh\u00e4ngigkeit von ihrem Geldbeutel und dem Geschmack der Menschen, mit denen sie zusammenleben).<\/p>\n<p>Auch wenn 64% der Befragten in der Westschweiz und 39% in der Deutschschweiz antworten, dass die grossen Einzelhandelsunternehmen \u00fcberhaupt nicht oder nur sehr wenig auf die Verbraucherinnen und Verbraucher h\u00f6ren, haben \u2154 der Befragten eine Kundenkarte, wahrscheinlich um Zugang zu Preisnachl\u00e4ssen zu erhalten, denn 54% der Westschweizer (37% Deutschschweizer) sagen, dass das Portemonnaie ein Kriterium f\u00fcr die Wahl der Lebensmittel ist, und 21 Prozent sagen, dass sie oft bis sehr oft die Lebensmittel kaufen, die in den Vordergrund gestellt und\/oder in Aktionen angeboten werden.<\/p>\n<p>Interessant ist auch, dass weniger als 1 % der Befragten nichts an der Lebensmittelwertsch\u00f6pfungskette \u00e4ndern m\u00f6chten.\u00a0 Alle andern w\u00fcrden, wenn sie etwas in der\u00a0 \u00e4ndern k\u00f6nnten,\u00a0\u201edas Angebot an lokalen Produkten erh\u00f6hen\u201c (70%), \u201edie Preise f\u00fcr die Erzeuger erh\u00f6hen\u201c (60%), \u201emehr Transparenz in der Wertsch\u00f6pfungskette\u201c (69%), \u201ebessere Information und Bewusstseinsbildung der Bev\u00f6lkerung\u201c (65%).<\/p>    <\/div>\n<\/div>\n<!-- \/module text -->\t\t\t\t<\/div><!-- .tb-column-inner -->\n\t\t\t\t\t\t<\/div><!-- .module_column -->\n\t\t\t\t\t\t<\/div><!-- .row_inner -->\n\t\t<\/div><!-- .module_row -->\n\t\t\t\t<\/div>\n<!--\/themify_builder_content-->","protected":false},"excerpt":{"rendered":"<p>Zusammenfassung der Ergebnisse und Trends unserer Umfrage zum Thema Wahlfreiheit bei der Ern\u00e4hrung.<\/p>\n","protected":false},"author":17,"featured_media":17756,"comment_status":"open","ping_status":"open","sticky":false,"template":"","format":"standard","meta":{"footnotes":""},"categories":[102],"tags":[216,221],"class_list":["post-17731","post","type-post","status-publish","format-standard","has-post-thumbnail","hentry","category-gesellschaft","tag-pouvoir-de","tag-jma-2024-de","has-post-title","has-post-date","has-post-category","has-post-tag","has-post-comment","has-post-author",""],"yoast_head":"<!-- This site is optimized with the Yoast SEO plugin v23.8 - https:\/\/yoast.com\/wordpress\/plugins\/seo\/ -->\n<title>Umfrage - Agrarinfo<\/title>\n<meta name=\"description\" content=\"Zusammenfassung der Ergebnisse und Trends unserer Umfrage zum Thema Wahlfreiheit bei der Ern\u00e4hrung.\" \/>\n<meta name=\"robots\" content=\"index, follow, max-snippet:-1, max-image-preview:large, max-video-preview:-1\" \/>\n<link rel=\"canonical\" href=\"https:\/\/www.agrarinfo.ch\/de\/gesellschaft\/umfrage\/\" \/>\n<meta property=\"og:locale\" content=\"de_DE\" \/>\n<meta property=\"og:type\" content=\"article\" \/>\n<meta property=\"og:title\" content=\"Umfrage - Agrarinfo\" \/>\n<meta property=\"og:description\" content=\"Zusammenfassung der Ergebnisse und Trends unserer Umfrage zum Thema Wahlfreiheit bei der Ern\u00e4hrung.\" \/>\n<meta property=\"og:url\" content=\"https:\/\/www.agrarinfo.ch\/de\/gesellschaft\/umfrage\/\" \/>\n<meta property=\"og:site_name\" content=\"Agrarinfo\" \/>\n<meta property=\"article:publisher\" content=\"https:\/\/www.facebook.com\/agrarinfo.ch\" \/>\n<meta property=\"article:published_time\" content=\"2024-10-09T06:55:04+00:00\" \/>\n<meta property=\"article:modified_time\" content=\"2024-10-29T11:57:18+00:00\" \/>\n<meta property=\"og:image\" content=\"https:\/\/www.agrarinfo.ch\/wp-content\/uploads\/sites\/2\/2024\/10\/graphicsSondage.jpg\" \/>\n\t<meta property=\"og:image:width\" content=\"1200\" \/>\n\t<meta property=\"og:image:height\" content=\"800\" \/>\n\t<meta property=\"og:image:type\" content=\"image\/jpeg\" \/>\n<meta name=\"author\" content=\"Michelle Zufferey\" \/>\n<meta name=\"twitter:card\" content=\"summary_large_image\" \/>\n<meta name=\"twitter:creator\" content=\"@agrar_info\" \/>\n<meta name=\"twitter:site\" content=\"@agrar_info\" \/>\n<meta name=\"twitter:label1\" content=\"Verfasst von\" \/>\n\t<meta name=\"twitter:data1\" content=\"Michelle Zufferey\" \/>\n\t<meta name=\"twitter:label2\" content=\"Gesch\u00e4tzte Lesezeit\" \/>\n\t<meta name=\"twitter:data2\" content=\"10\u00a0Minuten\" \/>\n<script type=\"application\/ld+json\" class=\"yoast-schema-graph\">{\"@context\":\"https:\/\/schema.org\",\"@graph\":[{\"@type\":\"Article\",\"@id\":\"https:\/\/www.agrarinfo.ch\/de\/gesellschaft\/umfrage\/#article\",\"isPartOf\":{\"@id\":\"https:\/\/www.agrarinfo.ch\/de\/gesellschaft\/umfrage\/\"},\"author\":{\"name\":\"Michelle Zufferey\",\"@id\":\"https:\/\/www.agrarinfo.ch\/de\/#\/schema\/person\/c6131456a70d2c6767fa7801e5a1b490\"},\"headline\":\"Umfrage\",\"datePublished\":\"2024-10-09T06:55:04+00:00\",\"dateModified\":\"2024-10-29T11:57:18+00:00\",\"mainEntityOfPage\":{\"@id\":\"https:\/\/www.agrarinfo.ch\/de\/gesellschaft\/umfrage\/\"},\"wordCount\":897,\"commentCount\":0,\"publisher\":{\"@id\":\"https:\/\/www.agrarinfo.ch\/de\/#organization\"},\"image\":{\"@id\":\"https:\/\/www.agrarinfo.ch\/de\/gesellschaft\/umfrage\/#primaryimage\"},\"thumbnailUrl\":\"https:\/\/www.agrarinfo.ch\/wp-content\/uploads\/sites\/2\/2024\/10\/graphicsSondage.jpg\",\"keywords\":[\"Macht\",\"WET 2024\"],\"articleSection\":[\"Gesellschaft\"],\"inLanguage\":\"de\",\"potentialAction\":[{\"@type\":\"CommentAction\",\"name\":\"Comment\",\"target\":[\"https:\/\/www.agrarinfo.ch\/de\/gesellschaft\/umfrage\/#respond\"]}]},{\"@type\":\"WebPage\",\"@id\":\"https:\/\/www.agrarinfo.ch\/de\/gesellschaft\/umfrage\/\",\"url\":\"https:\/\/www.agrarinfo.ch\/de\/gesellschaft\/umfrage\/\",\"name\":\"Umfrage - Agrarinfo\",\"isPartOf\":{\"@id\":\"https:\/\/www.agrarinfo.ch\/de\/#website\"},\"primaryImageOfPage\":{\"@id\":\"https:\/\/www.agrarinfo.ch\/de\/gesellschaft\/umfrage\/#primaryimage\"},\"image\":{\"@id\":\"https:\/\/www.agrarinfo.ch\/de\/gesellschaft\/umfrage\/#primaryimage\"},\"thumbnailUrl\":\"https:\/\/www.agrarinfo.ch\/wp-content\/uploads\/sites\/2\/2024\/10\/graphicsSondage.jpg\",\"datePublished\":\"2024-10-09T06:55:04+00:00\",\"dateModified\":\"2024-10-29T11:57:18+00:00\",\"description\":\"Zusammenfassung der Ergebnisse und Trends unserer Umfrage zum Thema Wahlfreiheit bei der Ern\u00e4hrung.\",\"breadcrumb\":{\"@id\":\"https:\/\/www.agrarinfo.ch\/de\/gesellschaft\/umfrage\/#breadcrumb\"},\"inLanguage\":\"de\",\"potentialAction\":[{\"@type\":\"ReadAction\",\"target\":[\"https:\/\/www.agrarinfo.ch\/de\/gesellschaft\/umfrage\/\"]}]},{\"@type\":\"ImageObject\",\"inLanguage\":\"de\",\"@id\":\"https:\/\/www.agrarinfo.ch\/de\/gesellschaft\/umfrage\/#primaryimage\",\"url\":\"https:\/\/www.agrarinfo.ch\/wp-content\/uploads\/sites\/2\/2024\/10\/graphicsSondage.jpg\",\"contentUrl\":\"https:\/\/www.agrarinfo.ch\/wp-content\/uploads\/sites\/2\/2024\/10\/graphicsSondage.jpg\",\"width\":1200,\"height\":800},{\"@type\":\"BreadcrumbList\",\"@id\":\"https:\/\/www.agrarinfo.ch\/de\/gesellschaft\/umfrage\/#breadcrumb\",\"itemListElement\":[{\"@type\":\"ListItem\",\"position\":1,\"name\":\"Accueil\",\"item\":\"https:\/\/www.agrarinfo.ch\/de\/\"},{\"@type\":\"ListItem\",\"position\":2,\"name\":\"Umfrage\"}]},{\"@type\":\"WebSite\",\"@id\":\"https:\/\/www.agrarinfo.ch\/de\/#website\",\"url\":\"https:\/\/www.agrarinfo.ch\/de\/\",\"name\":\"Agrarinfo\",\"description\":\"Just another bienvu.ch site\",\"publisher\":{\"@id\":\"https:\/\/www.agrarinfo.ch\/de\/#organization\"},\"potentialAction\":[{\"@type\":\"SearchAction\",\"target\":{\"@type\":\"EntryPoint\",\"urlTemplate\":\"https:\/\/www.agrarinfo.ch\/de\/?s={search_term_string}\"},\"query-input\":{\"@type\":\"PropertyValueSpecification\",\"valueRequired\":true,\"valueName\":\"search_term_string\"}}],\"inLanguage\":\"de\"},{\"@type\":\"Organization\",\"@id\":\"https:\/\/www.agrarinfo.ch\/de\/#organization\",\"name\":\"agrarinfo.ch\",\"alternateName\":\"agrarinfo.ch\",\"url\":\"https:\/\/www.agrarinfo.ch\/de\/\",\"logo\":{\"@type\":\"ImageObject\",\"inLanguage\":\"de\",\"@id\":\"https:\/\/www.agrarinfo.ch\/de\/#\/schema\/logo\/image\/\",\"url\":\"https:\/\/www.agrarinfo.ch\/wp-content\/uploads\/sites\/2\/2024\/03\/agrarinfo_A_quadrat.jpg\",\"contentUrl\":\"https:\/\/www.agrarinfo.ch\/wp-content\/uploads\/sites\/2\/2024\/03\/agrarinfo_A_quadrat.jpg\",\"width\":1107,\"height\":1105,\"caption\":\"agrarinfo.ch\"},\"image\":{\"@id\":\"https:\/\/www.agrarinfo.ch\/de\/#\/schema\/logo\/image\/\"},\"sameAs\":[\"https:\/\/www.facebook.com\/agrarinfo.ch\",\"https:\/\/x.com\/agrar_info\",\"https:\/\/www.instagram.com\/agrarinfo.ch\/\",\"https:\/\/www.linkedin.com\/in\/agrarinfo-ch-8894342a0\/\"]},{\"@type\":\"Person\",\"@id\":\"https:\/\/www.agrarinfo.ch\/de\/#\/schema\/person\/c6131456a70d2c6767fa7801e5a1b490\",\"name\":\"Michelle Zufferey\",\"image\":{\"@type\":\"ImageObject\",\"inLanguage\":\"de\",\"@id\":\"https:\/\/www.agrarinfo.ch\/de\/#\/schema\/person\/image\/\",\"url\":\"https:\/\/secure.gravatar.com\/avatar\/b89dd58a23e94d60f1fa215a400a454eda24e6280b4fece1cda95e2b31fe111d?s=96&d=mm&r=g\",\"contentUrl\":\"https:\/\/secure.gravatar.com\/avatar\/b89dd58a23e94d60f1fa215a400a454eda24e6280b4fece1cda95e2b31fe111d?s=96&d=mm&r=g\",\"caption\":\"Michelle Zufferey\"}}]}<\/script>\n<!-- \/ Yoast SEO plugin. -->","yoast_head_json":{"title":"Umfrage - Agrarinfo","description":"Zusammenfassung der Ergebnisse und Trends unserer Umfrage zum Thema Wahlfreiheit bei der Ern\u00e4hrung.","robots":{"index":"index","follow":"follow","max-snippet":"max-snippet:-1","max-image-preview":"max-image-preview:large","max-video-preview":"max-video-preview:-1"},"canonical":"https:\/\/www.agrarinfo.ch\/de\/gesellschaft\/umfrage\/","og_locale":"de_DE","og_type":"article","og_title":"Umfrage - Agrarinfo","og_description":"Zusammenfassung der Ergebnisse und Trends unserer Umfrage zum Thema Wahlfreiheit bei der Ern\u00e4hrung.","og_url":"https:\/\/www.agrarinfo.ch\/de\/gesellschaft\/umfrage\/","og_site_name":"Agrarinfo","article_publisher":"https:\/\/www.facebook.com\/agrarinfo.ch","article_published_time":"2024-10-09T06:55:04+00:00","article_modified_time":"2024-10-29T11:57:18+00:00","og_image":[{"width":1200,"height":800,"url":"https:\/\/www.agrarinfo.ch\/wp-content\/uploads\/sites\/2\/2024\/10\/graphicsSondage.jpg","type":"image\/jpeg"}],"author":"Michelle Zufferey","twitter_card":"summary_large_image","twitter_creator":"@agrar_info","twitter_site":"@agrar_info","twitter_misc":{"Verfasst von":"Michelle Zufferey","Gesch\u00e4tzte Lesezeit":"10\u00a0Minuten"},"schema":{"@context":"https:\/\/schema.org","@graph":[{"@type":"Article","@id":"https:\/\/www.agrarinfo.ch\/de\/gesellschaft\/umfrage\/#article","isPartOf":{"@id":"https:\/\/www.agrarinfo.ch\/de\/gesellschaft\/umfrage\/"},"author":{"name":"Michelle Zufferey","@id":"https:\/\/www.agrarinfo.ch\/de\/#\/schema\/person\/c6131456a70d2c6767fa7801e5a1b490"},"headline":"Umfrage","datePublished":"2024-10-09T06:55:04+00:00","dateModified":"2024-10-29T11:57:18+00:00","mainEntityOfPage":{"@id":"https:\/\/www.agrarinfo.ch\/de\/gesellschaft\/umfrage\/"},"wordCount":897,"commentCount":0,"publisher":{"@id":"https:\/\/www.agrarinfo.ch\/de\/#organization"},"image":{"@id":"https:\/\/www.agrarinfo.ch\/de\/gesellschaft\/umfrage\/#primaryimage"},"thumbnailUrl":"https:\/\/www.agrarinfo.ch\/wp-content\/uploads\/sites\/2\/2024\/10\/graphicsSondage.jpg","keywords":["Macht","WET 2024"],"articleSection":["Gesellschaft"],"inLanguage":"de","potentialAction":[{"@type":"CommentAction","name":"Comment","target":["https:\/\/www.agrarinfo.ch\/de\/gesellschaft\/umfrage\/#respond"]}]},{"@type":"WebPage","@id":"https:\/\/www.agrarinfo.ch\/de\/gesellschaft\/umfrage\/","url":"https:\/\/www.agrarinfo.ch\/de\/gesellschaft\/umfrage\/","name":"Umfrage - Agrarinfo","isPartOf":{"@id":"https:\/\/www.agrarinfo.ch\/de\/#website"},"primaryImageOfPage":{"@id":"https:\/\/www.agrarinfo.ch\/de\/gesellschaft\/umfrage\/#primaryimage"},"image":{"@id":"https:\/\/www.agrarinfo.ch\/de\/gesellschaft\/umfrage\/#primaryimage"},"thumbnailUrl":"https:\/\/www.agrarinfo.ch\/wp-content\/uploads\/sites\/2\/2024\/10\/graphicsSondage.jpg","datePublished":"2024-10-09T06:55:04+00:00","dateModified":"2024-10-29T11:57:18+00:00","description":"Zusammenfassung der Ergebnisse und Trends unserer Umfrage zum Thema Wahlfreiheit bei der Ern\u00e4hrung.","breadcrumb":{"@id":"https:\/\/www.agrarinfo.ch\/de\/gesellschaft\/umfrage\/#breadcrumb"},"inLanguage":"de","potentialAction":[{"@type":"ReadAction","target":["https:\/\/www.agrarinfo.ch\/de\/gesellschaft\/umfrage\/"]}]},{"@type":"ImageObject","inLanguage":"de","@id":"https:\/\/www.agrarinfo.ch\/de\/gesellschaft\/umfrage\/#primaryimage","url":"https:\/\/www.agrarinfo.ch\/wp-content\/uploads\/sites\/2\/2024\/10\/graphicsSondage.jpg","contentUrl":"https:\/\/www.agrarinfo.ch\/wp-content\/uploads\/sites\/2\/2024\/10\/graphicsSondage.jpg","width":1200,"height":800},{"@type":"BreadcrumbList","@id":"https:\/\/www.agrarinfo.ch\/de\/gesellschaft\/umfrage\/#breadcrumb","itemListElement":[{"@type":"ListItem","position":1,"name":"Accueil","item":"https:\/\/www.agrarinfo.ch\/de\/"},{"@type":"ListItem","position":2,"name":"Umfrage"}]},{"@type":"WebSite","@id":"https:\/\/www.agrarinfo.ch\/de\/#website","url":"https:\/\/www.agrarinfo.ch\/de\/","name":"Agrarinfo","description":"Just another bienvu.ch site","publisher":{"@id":"https:\/\/www.agrarinfo.ch\/de\/#organization"},"potentialAction":[{"@type":"SearchAction","target":{"@type":"EntryPoint","urlTemplate":"https:\/\/www.agrarinfo.ch\/de\/?s={search_term_string}"},"query-input":{"@type":"PropertyValueSpecification","valueRequired":true,"valueName":"search_term_string"}}],"inLanguage":"de"},{"@type":"Organization","@id":"https:\/\/www.agrarinfo.ch\/de\/#organization","name":"agrarinfo.ch","alternateName":"agrarinfo.ch","url":"https:\/\/www.agrarinfo.ch\/de\/","logo":{"@type":"ImageObject","inLanguage":"de","@id":"https:\/\/www.agrarinfo.ch\/de\/#\/schema\/logo\/image\/","url":"https:\/\/www.agrarinfo.ch\/wp-content\/uploads\/sites\/2\/2024\/03\/agrarinfo_A_quadrat.jpg","contentUrl":"https:\/\/www.agrarinfo.ch\/wp-content\/uploads\/sites\/2\/2024\/03\/agrarinfo_A_quadrat.jpg","width":1107,"height":1105,"caption":"agrarinfo.ch"},"image":{"@id":"https:\/\/www.agrarinfo.ch\/de\/#\/schema\/logo\/image\/"},"sameAs":["https:\/\/www.facebook.com\/agrarinfo.ch","https:\/\/x.com\/agrar_info","https:\/\/www.instagram.com\/agrarinfo.ch\/","https:\/\/www.linkedin.com\/in\/agrarinfo-ch-8894342a0\/"]},{"@type":"Person","@id":"https:\/\/www.agrarinfo.ch\/de\/#\/schema\/person\/c6131456a70d2c6767fa7801e5a1b490","name":"Michelle Zufferey","image":{"@type":"ImageObject","inLanguage":"de","@id":"https:\/\/www.agrarinfo.ch\/de\/#\/schema\/person\/image\/","url":"https:\/\/secure.gravatar.com\/avatar\/b89dd58a23e94d60f1fa215a400a454eda24e6280b4fece1cda95e2b31fe111d?s=96&d=mm&r=g","contentUrl":"https:\/\/secure.gravatar.com\/avatar\/b89dd58a23e94d60f1fa215a400a454eda24e6280b4fece1cda95e2b31fe111d?s=96&d=mm&r=g","caption":"Michelle Zufferey"}}]}},"builder_content":"<p>Zur Vorbereitung der Konferenz <a href=\"https:\/\/welternaehrungstag.ch\" target=\"_blank\" rel=\"noopener\"><strong>Macht &amp; Markt, wer entscheidet \u00fcber unser Essen?<\/strong><\/a> wollten wir wissen, wie die Schweizer Bev\u00f6lkerung ihre Freiheit im Bezug auf ihre Ern\u00e4hrung wahrnimmt. 360 Menschen haben an unserer Umfrage teilgenommen, 38% davon aus der West-, die \u00fcbrigen aus der Deutschschweiz. Der Fragebogen wurde via Newsletters und Social Media versandt und 53 Interviews wurden mit Passant*innen am Bahnhof und auf dem Wochenmarkt pers\u00f6nlich gef\u00fchrt. Der vorliegende Rapport skizziert gewisse Trends, erhebt aber nicht den Anspruch, auf nationaler Ebene repr\u00e4sentativ zu sein.<\/p> <p>Von den Befragten sind zwei Drittel Frauen, ca. 20% sind zwischen 25-40 Jahre alt, 40% zwischen 40-60, und ungef\u00e4hr 35% sind \u00fcber 60.\u00a0 Rund 63% der Teilnehmer*innen sind angestellt oder selbst\u00e4ndig. Etwas \u00fcber 21% sind pensioniert.<\/p> <p>Im Folgenden fassen wir die Resultate und Tendenzen zusammen, die aus der Umfrage hervorgingen und wir f\u00fcr wesentlich hielten.<\/p>\n<h4>Gern Kochen, gern Essen<\/h4> <p>Die grosse Mehrheit gab an, gerne zu Kochen (88% in der Romandie, 83% in der Deutschschweiz) und fast 100% sagen, dass sie gerne essen.<\/p>\n<p>Die Mehrheit der Mahlzeiten, die zu Hause eingenommen werden, werden auch zu Hause zubereitet.\u00a0 Und f\u00fcr die H\u00e4lfte der Personen ist das Abendessen die Hauptmahlzeit.<\/p>\n<h4>Angebot und Nachfrage<\/h4> <p>Bloss 8% sagen, dass sie sich nicht f\u00fcr die Zusammensetzung von Fertigprodukten interessieren.\u00a0 Aber <strong>von den 92%, die auf die Zusammensetzung achten, kaufen 13% trotzdem das Produkt, das Inhaltstoffe enth\u00e4lt, die sie eigentlich nicht m\u00f6chten,<\/strong> sofern keine Alternative angeboten wird (17% in der Deutschschweiz, 13% in der Romandie).<\/p>\n<h4>Auslage und Sonderangebote<\/h4> <p>Fast die H\u00e4lfte der Befragten sagen, dass sie Produkte w\u00e4hlen, die speziell platziert und\/oder als Sonderangebot pr\u00e4sentiert werden.<\/p> <p>F\u00fcr 11% der Deutschschweizer*innen und 7% der Personen aus der Romandie machen Spontaneink\u00e4ufe zwischen \u00bc -\u00a0\u00bd\u00a0ihres Warenkorbes aus. 50% der Befragten sch\u00e4tzen, dass sie bis ein Viertel der Lebensmittel ungeplant einkaufen.<\/p>\n<h4>Schweizer Produkte<\/h4> <p>\u00dcber 90% der Teilnehmer*nnen sagen, sie kaufen Schweizer Produkte und fast 85% kaufen regionale und \u00f6kologische Produkte. Allerdings kauft die gleiche Anzahl Menschen manchmal bis h\u00e4ufig industrielle Fertigprodukte.<\/p>\n<p>Die grosse Mehrheit (96%) der Befragten interessiert sich f\u00fcr die Bedingungen, unter denen die Lebensmittel produziert wurden (Arbeitsbedingungen, L\u00f6hne, Kinderarbeit).<\/p>\n<h4>Einzelh\u00e4ndler<\/h4> <p>Auf die Frage \u00abSind Sie der Meinung, dass die grossen Einzelhandelsunternehmen auf die Bed\u00fcrfnisse der Konsument*innen reagieren?\u00bb antworteten 64% der Befragten aus der West- und 39% aus der Deutschschweiz, sie ber\u00fccksichtigen die Bed\u00fcrfnisse der Konsument*innen \u00ab\u00fcberhaupt nicht\u00bb oder \u00absehr wenig\u00bb.<\/p> <p>Fast 2 von 3 Personen haben eine Treuekarte.<\/p>\n<h4>Kaufkriterien<\/h4> <p>Am wichtigsten finden die Befragten Saisonalit\u00e4t der Produkte (84% der in der Deutschschweiz Befragten und 86% der in der Westschweiz Befragten), gefolgt von der Regionalit\u00e4t (80% in der Deutschschweiz, 90% im Welschland). Ebenfalls wichtig sind unverarbeitete Produkte (75% in der Deutschschweiz und 78% Westschweiz) und biologische Produkte (69% in der Deutschschweiz und 71% in der Welschschweiz).<\/p> <p>Der Preis ist f\u00fcr 54% der in der Westschweiz Befragten wichtig und f\u00fcr 31% derjenigen, die den Fragebogen in der Deutschschweiz ausgef\u00fcllt haben.<\/p>\n<h4>Abfall<\/h4> <p>Unsere Befragung zeigt auch eine Tendenz f\u00fcr weniger Foodwaste: 69% resp. 82% sind bereit, kurz vor Ladenschluss nicht mehr das gesamte Sortiment zur Verf\u00fcgung zu haben, wenn dies dazu beitr\u00e4gt, die Verschwendung zu reduzieren. Bez\u00fcglich Verpackungsverschleiss sehen allerdings nur 38% der in der Deutschschweiz Befragten und 60% der im Welschland Befragten die M\u00f6glichkeit, diesen zu verringern.<\/p>\n<p>\u00dcber 90% der Befragten denken, ihr Konsum habe einen Einfluss auf Drittl\u00e4nder und Drittpersonen.<\/p>\n<h4>Wer bestimmt, was Sie essen?<\/h4> <p>Auch wenn die Menschen erkennen, dass verschiedene Faktoren das Lebensmittelangebot beeinflussen \u2013 politische Vereinbarungen, Multinationale, Grossverteiler und B\u00e4uerinnen und Bauern \u2013 die Mehrheit denkt, dass schlussendlich sie selber entscheiden, was sie essen.<\/p>\n<h4>Zu verbessern<\/h4> <p>Praktisch alle Befragten sehen Verbesserungsbedarf im Ern\u00e4hrungssystem. Auf die Frage, was sie \u00e4ndern w\u00fcrden, antworteten 70% \u00abdas Angebot lokaler Produkte erh\u00f6hen\u00bb, 69% w\u00fcnschten sich mehr Transparenz in der Wertsch\u00f6pfungskette, 65% bessere Information und Sensibilisierung der Bev\u00f6lkerung, und 60% w\u00fcrden die Produzent*innenpreise erh\u00f6hen.<\/p>\n<h2>Schlussfolgerungen<\/h2> <p>Die Personen, die an der Umfrage teilgenommen haben, kochen gerne und essen gerne. Das zeigt, dass Essen nicht nur Nahrungsaufnahme, sondern wahrscheinlich auch Genuss bedeutet. Sie bevorzugen Schweizer und saisonale Produkte. Die grosse Mehrheit gibt an, sich f\u00fcr die Produktionsbedingungen der Lebensmittel zu interessieren. Und\u00a0\u00be\u00a0von ihnen bevorzugen den Kauf von Rohprodukten, auch wenn gleichzeitig die gleiche Anzahl von Personen angibt, verarbeitete Produkte zu kaufen, informieren sie sich dennoch dar\u00fcber, was diese enthalten.<\/p> <p>Die Befragten sind sich bewusst , dass andere Akteure (Freihandelsabkommen, multinationale Unternehmen, Superm\u00e4rkte usw.) \u00fcber die ihnen angebotenen Lebensmittel entscheiden, und haben dennoch den Eindruck, dass die Wahl der Lebensmittel bei ihnen selber liegt (auch in Abh\u00e4ngigkeit von ihrem Geldbeutel und dem Geschmack der Menschen, mit denen sie zusammenleben).<\/p> <p>Auch wenn 64% der Befragten in der Westschweiz und 39% in der Deutschschweiz antworten, dass die grossen Einzelhandelsunternehmen \u00fcberhaupt nicht oder nur sehr wenig auf die Verbraucherinnen und Verbraucher h\u00f6ren, haben \u2154 der Befragten eine Kundenkarte, wahrscheinlich um Zugang zu Preisnachl\u00e4ssen zu erhalten, denn 54% der Westschweizer (37% Deutschschweizer) sagen, dass das Portemonnaie ein Kriterium f\u00fcr die Wahl der Lebensmittel ist, und 21 Prozent sagen, dass sie oft bis sehr oft die Lebensmittel kaufen, die in den Vordergrund gestellt und\/oder in Aktionen angeboten werden.<\/p> <p>Interessant ist auch, dass weniger als 1 % der Befragten nichts an der Lebensmittelwertsch\u00f6pfungskette \u00e4ndern m\u00f6chten.\u00a0 Alle andern w\u00fcrden, wenn sie etwas in der\u00a0 \u00e4ndern k\u00f6nnten,\u00a0\u201edas Angebot an lokalen Produkten erh\u00f6hen\u201c (70%), \u201edie Preise f\u00fcr die Erzeuger erh\u00f6hen\u201c (60%), \u201emehr Transparenz in der Wertsch\u00f6pfungskette\u201c (69%), \u201ebessere Information und Bewusstseinsbildung der Bev\u00f6lkerung\u201c (65%).<\/p>","_links":{"self":[{"href":"https:\/\/www.agrarinfo.ch\/de\/wp-json\/wp\/v2\/posts\/17731","targetHints":{"allow":["GET"]}}],"collection":[{"href":"https:\/\/www.agrarinfo.ch\/de\/wp-json\/wp\/v2\/posts"}],"about":[{"href":"https:\/\/www.agrarinfo.ch\/de\/wp-json\/wp\/v2\/types\/post"}],"author":[{"embeddable":true,"href":"https:\/\/www.agrarinfo.ch\/de\/wp-json\/wp\/v2\/users\/17"}],"replies":[{"embeddable":true,"href":"https:\/\/www.agrarinfo.ch\/de\/wp-json\/wp\/v2\/comments?post=17731"}],"version-history":[{"count":19,"href":"https:\/\/www.agrarinfo.ch\/de\/wp-json\/wp\/v2\/posts\/17731\/revisions"}],"predecessor-version":[{"id":18161,"href":"https:\/\/www.agrarinfo.ch\/de\/wp-json\/wp\/v2\/posts\/17731\/revisions\/18161"}],"wp:featuredmedia":[{"embeddable":true,"href":"https:\/\/www.agrarinfo.ch\/de\/wp-json\/wp\/v2\/media\/17756"}],"wp:attachment":[{"href":"https:\/\/www.agrarinfo.ch\/de\/wp-json\/wp\/v2\/media?parent=17731"}],"wp:term":[{"taxonomy":"category","embeddable":true,"href":"https:\/\/www.agrarinfo.ch\/de\/wp-json\/wp\/v2\/categories?post=17731"},{"taxonomy":"post_tag","embeddable":true,"href":"https:\/\/www.agrarinfo.ch\/de\/wp-json\/wp\/v2\/tags?post=17731"}],"curies":[{"name":"wp","href":"https:\/\/api.w.org\/{rel}","templated":true}]}}