{"id":17942,"date":"2024-10-28T12:18:10","date_gmt":"2024-10-28T11:18:10","guid":{"rendered":"https:\/\/www.agrarinfo.ch\/?p=17942"},"modified":"2024-11-14T08:17:59","modified_gmt":"2024-11-14T07:17:59","slug":"agrarokologische-ansatze-und-lokale-ernahrungssysteme","status":"publish","type":"post","link":"https:\/\/www.agrarinfo.ch\/de\/societe\/agrarokologische-ansatze-und-lokale-ernahrungssysteme\/","title":{"rendered":"Agrar\u00f6kologische Ans\u00e4tze und lokale Ern\u00e4hrungssysteme. Wie bestimmen wir \u00fcber unsere Ern\u00e4hrung?"},"content":{"rendered":"<!--themify_builder_content-->\n<div id=\"themify_builder_content-17942\" data-postid=\"17942\" class=\"themify_builder_content themify_builder_content-17942 themify_builder tf_clear\">\n    \t\t\t\t<!-- module_row -->\n\t\t<div  id=\"TOC\" data-lazy=\"1\" class=\"module_row themify_builder_row tb_eqdv302 tb_first tf_w tf_clearfix\">\n\t\t\t\t\t<div class=\"row_inner col_align_top tb_col_count_1 tf_box tf_rel\">\n\t\t\t\t\t<div  data-lazy=\"1\" class=\"module_column tb-column col-full tb_pe81302 first\">\n\t\t\t\t\t\t\t\t\t<div class=\"tb-column-inner tf_box tf_w\">\n\t\t\t\t<!-- module text -->\n<div  class=\"module module-text tb_l38q302  repeat \" data-lazy=\"1\">\n    <h3 class=\"module-title\">INHALTSVERZEICHNIS<\/h3>    <div  class=\"tb_text_wrap\">\n    <p><a href=\"#vergers\"><strong><em>Ern\u00e4hrungsdemokratie im Quartier | Zwischen Pessimismus der Intelligenz und Optimismus des Willens: eine Bestandsaufnahme\u00a0<\/em><\/strong><em>(Sabine Bally von der Fili\u00e8re Alimentaire des Vergers, Meyrin)<\/em><\/a><br \/><a href=\"#wien\"><strong><em>Wertebasierte, lokale Ern\u00e4hrungssysteme <\/em><\/strong><em>(Christina Plank, BOKU University Wien und Anna-Maria Brunner, Universit\u00e4t Innsbruck)<\/em><\/a><br \/><a href=\"#diskussion\"><strong><em>Podiumsdiskussion<\/em><\/strong><\/a><\/p>    <\/div>\n<\/div>\n<!-- \/module text -->\t\t\t\t<\/div><!-- .tb-column-inner -->\n\t\t\t\t\t\t<\/div><!-- .module_column -->\n\t\t\t\t\t\t<\/div><!-- .row_inner -->\n\t\t<\/div><!-- .module_row -->\n\t\t\t\t\t\t\t\t<!-- module_row -->\n\t\t<div  data-anchor=\"vergers\" data-lazy=\"1\" class=\"module_row themify_builder_row tb_has_section tb_section-vergers tb_xx30102 tf_w tf_clearfix\">\n\t\t\t\t\t<div class=\"row_inner col_align_top tb_col_count_1 tf_box tf_rel\">\n\t\t\t\t\t<div  data-lazy=\"1\" class=\"module_column tb-column col-full tb_9jn2103 first\">\n\t\t\t\t\t\t\t\t\t<div class=\"tb-column-inner tf_box tf_w\">\n\t\t\t\t<!-- module text -->\n<div  class=\"module module-text tb_j6su116   \" data-lazy=\"1\">\n        <div  class=\"tb_text_wrap\">\n    <h2><strong><em>Ern\u00e4hrungsdemokratie im Quartier | Zwischen Pessimismus der Intelligenz und Optimismus des Willens: eine Bestandsaufnahme<\/em><\/strong><\/h2>\n<h3>Transkription des Beitrags von Sabine Bally von der Fili\u00e8re Alimentaire des Vergers, Meyrin<\/h3>\n<p><span style=\"font-weight: 400;\">\u201cIl faudrait sortir de la zone de consommation\u201d et \u00e7a pourrait \u00eatre le sous-titre de notre pr\u00e9sentation.\u00a0 <\/span><span style=\"font-weight: 400;\"><br \/><\/span><span style=\"font-weight: 400;\">J&#8217;ai choisi un extrait d&#8217;une lettre de prison que <a href=\"https:\/\/fr.wikipedia.org\/wiki\/Antonio_Gramsci\" target=\"_blank\" rel=\"noopener\">Gramsci<\/a> a \u00e9crite \u00e0 son fr\u00e8re et c&#8217;est pour dire que nous nous sentons un peu en prison dans le stade actuel du projet. On cherche \u00e0 sortir de la zone de consommation mais on n&#8217;y arrive pas tout \u00e0 fait.<\/span><\/p>\n<p><span style=\"font-weight: 400;\">Donc juste pour situer le projet dont je vous parle, on est \u00e0 Meyrin, c&#8217;est dans le canton de Gen\u00e8ve, une ville de 27&#8217;000 habitants, un quartier de 16 hectares, avec des anciennes terres agricoles d\u00e9class\u00e9es. Il y a 3&#8217;000 habitants. Les premiers habitants sont arriv\u00e9s en 2016 et un point important, c&#8217;est que la moiti\u00e9 de ce foncier appartenait \u00e0 la commune, donc la commune a pu d\u00e9finir pas mal de choses pour ce quartier. Entre autres, elle a pu faire en 2014, donc avant que les premiers habitants arrivent dans le quartier, un forum pour inviter les futur.es habitant.es pour r\u00e9fl\u00e9chir pendant 2 jours, avec plus d&#8217;une centaine de personnes, \u00e0 ce qu\u2019ils souhaiteraient pour leur nouveau \u201cvivre ensemble\u201d. Ce qui en est ressorti, et on \u00e9tait ravi de l&#8217;entendre, c&#8217;est le souhait de reprendre en main l&#8217;alimentation, la mani\u00e8re de s&#8217;alimenter. Ils ont voulu mettre l\u2019alimentation au c\u0153ur du projet. Notamment le choix du distributeur de quartier. Ils ont voulu d\u00e9cider de quels magasins allaient s&#8217;implanter dans ce quartier et c&#8217;est \u00e7a qui a lanc\u00e9 une dynamique propre autour de ce qu&#8217;on appelle aujourd&#8217;hui la fili\u00e8re alimentaire de quartier.<\/span><\/p>\n<p><span style=\"font-weight: 400;\">Il en ressort donc un projet alimentaire de quartier qui comprend une ferme urbaine qui est install\u00e9e dans le quartier et qui est en lien avec un r\u00e9seau de fermes, un distributeur participatif paysan dans le quartier, 3 ateliers de transformation : une fromagerie qui ach\u00e8te son lait \u00e0 un franc le litre, une boulangerie et une boucherie qui est en ce moment ferm\u00e9e pour de nombreuses raisons. Le fait est que c&#8217;est tr\u00e8s compliqu\u00e9 de g\u00e9rer une boucherie. Il y a de plus, un 4\u00e8me atelier de transformation qui vient se greffer \u00e0 ces ateliers, au c\u0153ur du quartier. C\u2019est une l\u00e9gumerie, \u00e0 savoir un endroit o\u00f9 on lave les l\u00e9gumes, on les coupe, on les r\u00e2pe etc. On parle de l\u00e9gumes qu&#8217;on appelle de 4\u00e8me gamme que l&#8217;on vend aux restaurants.<\/span><\/p>\n<p><a href=\"https:\/\/www.agrarinfo.ch\/wp-content\/uploads\/sites\/2\/2024\/10\/3_2_2.jpg\"><img loading=\"lazy\" decoding=\"async\" class=\"wp-image-18240 aligncenter\" src=\"https:\/\/www.agrarinfo.ch\/wp-content\/uploads\/sites\/2\/2024\/10\/3_2_2.jpg\" alt=\"\" width=\"500\" height=\"281\" srcset=\"https:\/\/www.agrarinfo.ch\/wp-content\/uploads\/sites\/2\/2024\/10\/3_2_2.jpg 2000w, https:\/\/www.agrarinfo.ch\/wp-content\/uploads\/sites\/2\/2024\/10\/3_2_2-300x169.jpg 300w, https:\/\/www.agrarinfo.ch\/wp-content\/uploads\/sites\/2\/2024\/10\/3_2_2-1024x576.jpg 1024w, https:\/\/www.agrarinfo.ch\/wp-content\/uploads\/sites\/2\/2024\/10\/3_2_2-768x432.jpg 768w, https:\/\/www.agrarinfo.ch\/wp-content\/uploads\/sites\/2\/2024\/10\/3_2_2-1536x864.jpg 1536w\" sizes=\"auto, (max-width: 500px) 100vw, 500px\" \/><\/a><\/p>\n<p><span style=\"font-weight: 400;\"><br \/>En fait, dans le projet initial, depuis le d\u00e9but, il y avait cette volont\u00e9 de ne pas faire quelque chose d&#8217;anecdotique, comme potentiellement un magasin peut le devenir, mais d&#8217;\u00eatre d\u00e8s le d\u00e9but, en lien avec les collectivit\u00e9s publiques.\u00a0<\/span><span style=\"font-weight: 400;\">Voil\u00e0, \u00e7a c&#8217;est un peu le contexte.<\/span><\/p>\n<p><span style=\"font-weight: 400;\">Des urbanistes de toute l&#8217;Europe viennent regarder le succ\u00e8s de ce projet. Il y a effectivement un magasin qui cr\u00e9e du lien social, les g\u00e9n\u00e9rations s\u2019y m\u00e9langent, les gens trouvent une place, il y a des choses \u00e0 faire pour tout le monde. On se raconte des choses, on est un peu trop \u00e0 l&#8217;\u00e9troit, donc les agrumes, on les trie dans les entr\u00e9es d&#8217;immeubles etc. Il y a vraiment quelque chose qui a peu \u00e0 voir avec un magasin d&#8217;alimentation, mais qui se passe. C&#8217;est quand m\u00eame pas mal, et \u00e7a marche!\u00a0<\/span><\/p>\n<p><span style=\"font-weight: 400;\">Ensuite, il y a un \u00e2ne, l&#8217;\u00e2ne du quartier. Tout le monde le conna\u00eet parce qu&#8217;en fait c&#8217;est l&#8217;\u00e2ne qui est utilis\u00e9 par la ferme des Vergers. Parfois, il vient devant le magasin. Il est utilis\u00e9 pour le labour des champs au pied des immeubles.<\/span><\/p>\n<p><span style=\"font-weight: 400;\">Donc c&#8217;est le premier quartier agro-\u00e9cologique de Suisse! Une grande fiert\u00e9! C&#8217;est super, \u00e7a marche, on voit des l\u00e9gumes qui poussent au pied des immeubles et qui sont vendus dans le magasin.<\/span><\/p>\n<p><a href=\"https:\/\/www.agrarinfo.ch\/wp-content\/uploads\/sites\/2\/2024\/10\/3_2_7.jpg\"><img loading=\"lazy\" decoding=\"async\" class=\"aligncenter wp-image-18228\" src=\"https:\/\/www.agrarinfo.ch\/wp-content\/uploads\/sites\/2\/2024\/10\/3_2_7.jpg\" alt=\"\" width=\"500\" height=\"281\" srcset=\"https:\/\/www.agrarinfo.ch\/wp-content\/uploads\/sites\/2\/2024\/10\/3_2_7.jpg 2000w, https:\/\/www.agrarinfo.ch\/wp-content\/uploads\/sites\/2\/2024\/10\/3_2_7-300x169.jpg 300w, https:\/\/www.agrarinfo.ch\/wp-content\/uploads\/sites\/2\/2024\/10\/3_2_7-1024x576.jpg 1024w, https:\/\/www.agrarinfo.ch\/wp-content\/uploads\/sites\/2\/2024\/10\/3_2_7-768x432.jpg 768w, https:\/\/www.agrarinfo.ch\/wp-content\/uploads\/sites\/2\/2024\/10\/3_2_7-1536x864.jpg 1536w\" sizes=\"auto, (max-width: 500px) 100vw, 500px\" \/><\/a><\/p>\n<p><span style=\"font-weight: 400;\"><br \/>Notre fromager, Kevin, paye un bon prix pour son lait. Et puis Pierre, le boulanger, qui a un four \u00e0 pain, travaille des farines du r\u00e9seau de l&#8216;<a href=\"https:\/\/tournereve.ch\/\" target=\"_blank\" rel=\"noopener\">affaire Tourner\u00eave<\/a>, qui sont moulues avec un moulin \u00e0 meule de pierre. On se r\u00e9approprie donc un outil et je n&#8217;ai pas parl\u00e9 des semences mais pour faire un lien donc on a aussi un semencier <a href=\"https:\/\/shop.semencesdepays.ch\/\" target=\"_blank\" rel=\"noopener\">Semences de pays<\/a> \u00e0 Gen\u00e8ve. On est tr\u00e8s content car une partie des vari\u00e9t\u00e9s des l\u00e9gumes qu&#8217;on peut vendre, on en conna\u00eet les semences, c\u2019est contr\u00f4l\u00e9. Tout va bien!<\/span><\/p>\n<p><span style=\"font-weight: 400;\">Et puis, il y a une dimension sociale dans tout \u00e7a, donc, au-del\u00e0 du magasin, on fait des animations, des repas et on partage quand m\u00eame des choses ensemble. <\/span><span style=\"font-weight: 400;\">Donc l\u00e0 on \u00e9tait du c\u00f4t\u00e9 de l&#8217;optimisme, des choses qui sont bien.<\/span><\/p>\n<p><span style=\"font-weight: 400;\">Aux gens qui nous rendent visite, on leur raconte cet aspect. Mais ici je vais aussi parler des probl\u00e8mes. On arrive \u00e0 la r\u00e9alit\u00e9, donc on garde ces points positifs \u00e0 l&#8217;esprit, mais il y a quand m\u00eame un constat d&#8217;\u00e9chec. <\/span><span style=\"font-weight: 400;\"><br \/><\/span><span style=\"font-weight: 400;\">Il y a <strong>\u00e0 peine 10% des habitantes et habitants du quartier qui viennent dans ce magasin<\/strong> et c&#8217;est un public extr\u00eamement homog\u00e8ne. <strong>On ne sait absolument pas comment parler, comment sensibiliser,<\/strong> comment s&#8217;adresser aux personnes qui ne font pas partie de ces 10%. Et pour vous dire, il y a des gens qui habitent dans l&#8217;immeuble o\u00f9 il y a la fromagerie qui ne savent m\u00eame pas qu&#8217;il y a une fromagerie dans leur immeuble! Ce n\u2019est pas qu\u2019on veuille \u00e0 tout prix qu&#8217;ils aillent acheter du fromage, mais juste la conscience que ce projet existe! A ce niveau, on est d\u00e9j\u00e0 en situation d&#8217;\u00e9chec. <\/span><\/p>\n<p><span style=\"font-weight: 400;\">Bien s\u00fbr, q<\/span><span style=\"font-weight: 400;\">uelqu&#8217;un qui loue un appartement dans ce quartier, c\u2019est aussi son droit de dire qu&#8217;il ne veut pas savoir \u00e7a! Il y a la libert\u00e9 de choix et de connaissance, \u00e7a existe, mais on est face \u00e0 un \u00e9chec!<\/span><\/p>\n<p><span style=\"font-weight: 400;\">Et le 3\u00e8me \u00e9chec, c&#8217;est qu&#8216;<strong>on a de la peine \u00e0 maintenir des fermes dans ce r\u00e9seau<\/strong>. En effet, lentement la question se pose, s&#8217;il n&#8217;y a pas de d\u00e9bouch\u00e9s suffisants, de savoir pourquoi les producteur.trices devraient rester dans ce r\u00e9seau relativement compliqu\u00e9. Le magasin a un contrat annuel avec ce r\u00e9seau de fermes qui partagent un plan de production. C&#8217;est tr\u00e8s compliqu\u00e9! C&#8217;est beaucoup plus simple d&#8217;\u00eatre une ferme seule et de vendre en direct au march\u00e9. Alors que ce qu&#8217;on d\u00e9fend, c&#8217;est vraiment les fili\u00e8res courtes, d&#8217;\u00eatre en lien \u00e0 chaque \u00e9tape entre les mangeurs et les mangeuses, les transformateurs, les producteurs et l\u00e0, on a le probl\u00e8me que les producteurs commencent \u00e0 nous dire qu\u2019ils quittent le r\u00e9seau car ils travaillent \u00e0 perte.\u00a0\u00a0<\/span><\/p>\n<p><span style=\"font-weight: 400;\">Donc aujourd&#8217;hui, on a l&#8217;impression qu&#8217;il y a 3 domaines dans lesquels on se trouve un peu dans une impasse:<\/span><span style=\"font-weight: 400;\"><br \/><\/span><span style=\"font-weight: 400;\">En fait, on n&#8217;a pas les mots justes! On parle d&#8217;un \u201cmagasin de quartier\u201d, c&#8217;est le mot pour dire ce qu&#8217;on voulait faire. On entre ainsi dans un cadre de pens\u00e9e \u201cmagasin\u201d: il y a des \u00e9tiquettes avec les prix, il y a une caisse enregistreuse, il y a des horaires d&#8217;ouverture\u2026 donc, en fait, on voudrait sortir de la zone de consommation, mais les mots nous manquent et on a aussi le cadre de pens\u00e9e qui manque.<\/span><\/p>\n<p><span style=\"font-weight: 400;\">On est dans un mod\u00e8le \u00e9conomique d\u00e9ficient, parce qu&#8217;il y a une plus-value sociale, une plus-value environnementale, pour l&#8217;agriculture qui est d\u00e9fendue, mais elles ne peuvent pas se r\u00e9percuter sur le prix. Qui paye \u00e7a? Le mod\u00e8le \u00e9conomique qu&#8217;on a, ne nous offre pas de r\u00e9ponse \u00e0 cette question. De plus, on a un probl\u00e8me d&#8217;organisation. Quelqu&#8217;un qui m&#8217;a dit aujourd&#8217;hui qu\u2019il a \u00e9t\u00e9 voir sur notre site et qu\u2019il a vu qu\u2019 il y a 4 coop\u00e9ratives. Et il se posait la question de la mani\u00e8re dont elles travaillent ensemble. Je pense en fait qu\u2019il faudrait former une seule coop\u00e9rative et que l\u2019on trouve un mod\u00e8le de gouvernance. Mais \u00e0 ce jour, on est sans cesse confront\u00e9 \u00e0 une logique de march\u00e9 et de d\u00e9fense de notre fonctionnement, qui est une d\u00e9fense \u00e9conomique et, si on ne peut pas se partager ce risque l\u00e0, on ne peut pas vraiment travailler ensemble! C\u2019est une des d\u00e9faillances que l&#8217;on rencontre aujourd&#8217;hui. On n&#8217;a pas trouv\u00e9 comment changer. C&#8217;est une question de cadre de pens\u00e9e ou de changement de paradigme. En fait, on ne sait pas comment faire autrement. Alors, on fait un peu avec ce qu&#8217;on nous dit de faire, mais \u00e7a ne marche pas tout \u00e0 fait pour ce qu&#8217;on veut faire.<\/span><\/p>\n<p><a href=\"https:\/\/www.agrarinfo.ch\/wp-content\/uploads\/sites\/2\/2024\/10\/3_2_16.jpg\"><img loading=\"lazy\" decoding=\"async\" class=\"aligncenter wp-image-18230\" src=\"https:\/\/www.agrarinfo.ch\/wp-content\/uploads\/sites\/2\/2024\/10\/3_2_16.jpg\" alt=\"\" width=\"500\" height=\"281\" srcset=\"https:\/\/www.agrarinfo.ch\/wp-content\/uploads\/sites\/2\/2024\/10\/3_2_16.jpg 2000w, https:\/\/www.agrarinfo.ch\/wp-content\/uploads\/sites\/2\/2024\/10\/3_2_16-300x169.jpg 300w, https:\/\/www.agrarinfo.ch\/wp-content\/uploads\/sites\/2\/2024\/10\/3_2_16-1024x576.jpg 1024w, https:\/\/www.agrarinfo.ch\/wp-content\/uploads\/sites\/2\/2024\/10\/3_2_16-768x432.jpg 768w, https:\/\/www.agrarinfo.ch\/wp-content\/uploads\/sites\/2\/2024\/10\/3_2_16-1536x864.jpg 1536w\" sizes=\"auto, (max-width: 500px) 100vw, 500px\" \/><\/a><\/p>\n<p><span style=\"font-weight: 400;\"><br \/>\u201cL&#8217;optimisme de la volont\u00e9\u201d c&#8217;\u00e9tait aussi dans la lettre de Gramsci \u00e0 son fr\u00e8re : on peut \u00eatre en prison, mais pas \u00e0 perp\u00e9tuit\u00e9 et donc on a des perspectives qui nous enchantent!\u00a0 C&#8217;est cet atelier de l\u00e9gumerie qui nous permet en fait de sortir du march\u00e9 pour 60% des l\u00e9gumes n\u00e9cessaires aux collectivit\u00e9s publiques. <\/span><span style=\"font-weight: 400;\"><br \/><\/span><span style=\"font-weight: 400;\">La l\u00e9gumerie des Vergers a un contrat avec les collectivit\u00e9s publiques de la commune de Meyrin pour couvrir 60% des besoins en l\u00e9gumes. Il y a l\u00e0 une volont\u00e9 politique et un travail qui a \u00e9t\u00e9 fait sur le long terme pour qu&#8217;on s&#8217;entende entre le prestataire priv\u00e9 qui g\u00e8re les restaurants scolaires, l\u2019atelier de transformation artisanale et la commune. Finalement, on a trouv\u00e9 une solution. Ca c&#8217;est quand m\u00eame des perspectives qui sont r\u00e9jouissantes. D&#8217;autre part, de mani\u00e8re g\u00e9n\u00e9rale, le lien avec la commune de Meyrin est r\u00e9jouissant parce qu\u2019on a une collectivit\u00e9 publique qui \u00e0 force de nombreuses heures de r\u00e9unions, s&#8217;est appropri\u00e9 ce projet et s&#8217;y engage de mani\u00e8re proactive. Elle nous propose un local communal de 800 m\u00b2 pour une dur\u00e9e de 4 ou 5 ans.<\/span><\/p>\n<p><a href=\"https:\/\/www.agrarinfo.ch\/wp-content\/uploads\/sites\/2\/2024\/10\/3_2_17.jpg\"><img loading=\"lazy\" decoding=\"async\" class=\"wp-image-18232 aligncenter\" src=\"https:\/\/www.agrarinfo.ch\/wp-content\/uploads\/sites\/2\/2024\/10\/3_2_17.jpg\" alt=\"\" width=\"500\" height=\"281\" srcset=\"https:\/\/www.agrarinfo.ch\/wp-content\/uploads\/sites\/2\/2024\/10\/3_2_17.jpg 2000w, https:\/\/www.agrarinfo.ch\/wp-content\/uploads\/sites\/2\/2024\/10\/3_2_17-300x169.jpg 300w, https:\/\/www.agrarinfo.ch\/wp-content\/uploads\/sites\/2\/2024\/10\/3_2_17-1024x576.jpg 1024w, https:\/\/www.agrarinfo.ch\/wp-content\/uploads\/sites\/2\/2024\/10\/3_2_17-768x432.jpg 768w, https:\/\/www.agrarinfo.ch\/wp-content\/uploads\/sites\/2\/2024\/10\/3_2_17-1536x864.jpg 1536w\" sizes=\"auto, (max-width: 500px) 100vw, 500px\" \/><\/a><\/p>\n<p><span style=\"font-weight: 400;\">Je vais terminer avec le droit \u00e0 l&#8217;alimentation qui a \u00e9t\u00e9 \u00e9voqu\u00e9 ce matin par Lisa Mazzone, qui a \u00e9t\u00e9 vot\u00e9 \u00e0 Gen\u00e8ve en juin de l&#8217;ann\u00e9e derni\u00e8re. Gen\u00e8ve est le premier canton de Suisse qui a un droit \u00e0 l&#8217;alimentation dans sa constitution et ce droit \u00e0 l&#8217;alimentation, pour nous et 6 autres associations nous a permis de mettre en place un projet de caisse genevoise de l&#8217;alimentation qui est aujourd&#8217;hui port\u00e9 par 2 comit\u00e9s citoyens de l&#8217;alimentation. On pr\u00e9voit le lancement d&#8217;un prototype pour septembre 2025.<\/span><\/p>\n<p><span style=\"font-weight: 400;\">Voil\u00e0 et en fait si je dois vous quitter maintenant, c&#8217;est parce que ce soir, il y a une motion qui a \u00e9t\u00e9 d\u00e9pos\u00e9e en septembre pour que la politique alimentaire de Meyrin prenne en consid\u00e9ration le projet pilote de la caisse alimentaire et on a une audience ce soir.\u00a0<\/span><\/p>\n<p><span style=\"font-weight: 400;\">Merci beaucoup de votre attention.<\/span><\/p>    <\/div>\n<\/div>\n<!-- \/module text -->\t\t\t\t<\/div><!-- .tb-column-inner -->\n\t\t\t\t\t\t<\/div><!-- .module_column -->\n\t\t\t\t\t\t<\/div><!-- .row_inner -->\n\t\t<\/div><!-- .module_row -->\n\t\t\t\t\t\t\t\t<!-- module_row -->\n\t\t<div  data-anchor=\"wien\" data-lazy=\"1\" class=\"module_row themify_builder_row tb_has_section tb_section-wien tb_hoim991 tf_w tf_clearfix\">\n\t\t\t\t\t<div class=\"row_inner col_align_top tb_col_count_1 tf_box tf_rel\">\n\t\t\t\t\t<div  data-lazy=\"1\" class=\"module_column tb-column col-full tb_bins991 first\">\n\t\t\t\t\t\t\t\t\t<div class=\"tb-column-inner tf_box tf_w\">\n\t\t\t\t<!-- module text -->\n<div  class=\"module module-text tb_0jds629   \" data-lazy=\"1\">\n        <div  class=\"tb_text_wrap\">\n    <h2><strong><em>Wertebasierte, lokale Ern\u00e4hrungssysteme<\/em><\/strong><\/h2>\n<h3>Transkription des Beitrags von Christina Plank, BOKU University Wien und Anna-Maria Brunner, Universit\u00e4t Innsbruck<\/h3>\n<p><span style=\"font-weight: 400;\">In den n\u00e4chsten paar Minuten werden wir ganz kurz etwas zu den Konflikten im Ern\u00e4hrungssystem sagen und mit welchen verschiedenen Transformationsperspektiven wir dann auf dieses schauen k\u00f6nnen, um eine Transformation voranzutreiben. Wir werden dann unser Forschungsprojekt \u201cWertebasierte Produktions- und Konsumweisen\u201d vorstellen. Hier haben wir uns mit spezifischen lokalen Ern\u00e4hrungssystemen in Argentinien, mit der Agrar\u00f6kologie und auch mit upscaling-Prozessen von lokalen Ern\u00e4hrungssystemen in Tschechien und in der Schweiz auseinandergesetzt.<\/span><\/p>\n<h4>Konflikte im Ern\u00e4hrungssystem<\/h4>\n<p><a href=\"https:\/\/www.agrarinfo.ch\/wp-content\/uploads\/sites\/2\/2024\/10\/3_1-3.jpg\"><img loading=\"lazy\" decoding=\"async\" class=\"aligncenter wp-image-18245\" src=\"https:\/\/www.agrarinfo.ch\/wp-content\/uploads\/sites\/2\/2024\/10\/3_1-3.jpg\" alt=\"\" width=\"500\" height=\"281\" srcset=\"https:\/\/www.agrarinfo.ch\/wp-content\/uploads\/sites\/2\/2024\/10\/3_1-3.jpg 2000w, https:\/\/www.agrarinfo.ch\/wp-content\/uploads\/sites\/2\/2024\/10\/3_1-3-300x169.jpg 300w, https:\/\/www.agrarinfo.ch\/wp-content\/uploads\/sites\/2\/2024\/10\/3_1-3-1024x576.jpg 1024w, https:\/\/www.agrarinfo.ch\/wp-content\/uploads\/sites\/2\/2024\/10\/3_1-3-768x432.jpg 768w, https:\/\/www.agrarinfo.ch\/wp-content\/uploads\/sites\/2\/2024\/10\/3_1-3-1536x864.jpg 1536w\" sizes=\"auto, (max-width: 500px) 100vw, 500px\" \/><\/a><\/p>\n<p>Zu den Konflikten haben wir heute ja schon einiges geh\u00f6rt in den ersten 2 Sessions. Ich finde das ist aber trotzdem nochmal eine sch\u00f6ne \u00dcberblicks- und Eingangsfolie aus dem APCC (Austrian Panel on Climate Change) Bericht von 2023 \u201cStrukturen f\u00fcr ein klimafreundliches Leben\u201d, zu dem ich, zusammen mit Marianne Penker von der BOKU und Karl-Michael Brunner von der WU Wien, das Ern\u00e4hrungs-Kapitel beigesteuert habe. Unsere Aufgabe war neben Transformationsperspektiven auch Konflikte zusammenzufassen. Wir haben heute schon einiges geh\u00f6rt \u00fcber verschiedene Politikbereiche, wo Konflikte sehr pr\u00e4sent sind. Aus \u00d6sterreich und EU Perspektive geh\u00f6rt da auch sehr stark die <b>gemeinsame Agrarpolitik<\/b>dazu, wo es darum geht, wer welche Subventionen bekommt, wie sind da unterschiedliche Verteilungen zwischen Ebenen Kleinb\u00e4uerinnen und den gr\u00f6sseren Betrieben, das sind auch die internationalen Handlungsstrukturen, die heute im ersten Panel diskutiert wurden, aber auch einfach so die Tatsache dass, bevor die Diskussion gelaufen ist, Ern\u00e4hrung ganz oft als privates Thema abgehandelt wird und nicht als politisches.<\/p>\n<p>Als zweiter Konfliktbereich, weil es ja um einen spezifischen Klima-Bericht gegangen ist, ist das <b>Konfliktthema Fleisch<\/b> aufgekommen. Wir haben heute schon vom Palm\u00f6l gesprochen, aber eben auch Soja oder andere Flex Crops, wie sie eben unterschiedlich eingesetzt werden, auch f\u00fcr die Fleischproduktion, f\u00fcr Futtermittel, treiben eben die Klimakrise voran. Und, was ich immer ganz interessant finde, vielleicht weiss das jemand f\u00fcr die Schweiz, dass dieses Konfliktthema Fleisch auch traditionelle Geschlechterverh\u00e4ltnisse widerspiegelt. In \u00d6sterreich konsumieren wir im Durchschnitt 2 Drittel zu viel Fleisch, und, wenn man jetzt bin\u00e4r denkt Frau und Mann, ist das nochmal so verteilt, dass M\u00e4nner mehr Fleisch konsumieren als Frauen. Es gibt zwar einige Initiativen im Bereich von freiwilligen Massnahmen, aber keine konkreten Verboten oder Regulierungen.<\/p>\n<p>Als dritter Konflikt,die <b>Arbeitskonflikte,<\/b> die sind jetzt auch schon im Palm\u00f6l Thema (im Vortrag von Tina Goethe) ein bisschen vorgekommen. Ganz konkret geht es eben in der Wertsch\u00f6pfungskette los bei den Bauern und B\u00e4uerinnen, \u00fcber die Erntearbeiter*innen und bis hin zu dem Lebensmittel-Arbeiter*innen, so wie wir das in der covid Pandemie dann auch miterlebt haben.<\/p>\n<p>Der vierte Konflikt ist spezifisch auch f\u00fcr die Wissenschaft sehr wichtig. Es gibt <b>verschiedene Wissensformen<\/b>, die unterschiedlich anerkannt sind. Obwohl wir zum Gl\u00fcck immer st\u00e4rker transdisziplin\u00e4r forschen und Wissen von so genannten ausserakademischen-Akteuren und Akteurinnen mit einbeziehen, ist es eben trotzdem so, dass oft noch Forschung fern der Lebensrealit\u00e4ten von Bauern und B\u00e4uerinnen stattfindet. Mehr zu Agrar\u00f6kologie h\u00f6ren wir dann von Anna-Maria Brunner am Beispiel von Argentinien.\u00a0<\/p>\n<p>Diesals kurze Zusammenfassung vom Stand der Literatur und Forschung, die eben von uns f\u00fcr diesen APCC ausgewertet wurde.<\/p>\n<h4>Systemischer Wandel von Marktmacht zu Marktgestaltung<\/h4>\n<p><b>Wie kommen wir von dieser Marktmacht hin zu einer Marktgestaltung?<\/b><span style=\"font-weight: 400;\"> Aus einer wissenschaftlichen Perspektive gibt es verschiedene sozialwissenschaftliche Theorien, die unterschiedlichen Annahmen nachgehen, wie so eine Transformation, also wie ein systemischer Wandel, passieren kann.\u00a0<\/span><\/p>\n<p><a href=\"https:\/\/www.agrarinfo.ch\/wp-content\/uploads\/sites\/2\/2024\/10\/3_1-4.jpg\"><img loading=\"lazy\" decoding=\"async\" class=\"aligncenter wp-image-18247\" src=\"https:\/\/www.agrarinfo.ch\/wp-content\/uploads\/sites\/2\/2024\/10\/3_1-4.jpg\" alt=\"\" width=\"500\" height=\"281\" srcset=\"https:\/\/www.agrarinfo.ch\/wp-content\/uploads\/sites\/2\/2024\/10\/3_1-4.jpg 2000w, https:\/\/www.agrarinfo.ch\/wp-content\/uploads\/sites\/2\/2024\/10\/3_1-4-300x169.jpg 300w, https:\/\/www.agrarinfo.ch\/wp-content\/uploads\/sites\/2\/2024\/10\/3_1-4-1024x576.jpg 1024w, https:\/\/www.agrarinfo.ch\/wp-content\/uploads\/sites\/2\/2024\/10\/3_1-4-768x432.jpg 768w, https:\/\/www.agrarinfo.ch\/wp-content\/uploads\/sites\/2\/2024\/10\/3_1-4-1536x864.jpg 1536w\" sizes=\"auto, (max-width: 500px) 100vw, 500px\" \/><\/a><\/p>\n<p><span style=\"font-weight: 400;\">Vorherrschend bei diesen 4 Perspektiven<\/span> <span style=\"font-weight: 400;\">sind die Markt- und die Innovationsperspektive.\u00a0<\/span><\/p>\n<p><span style=\"font-weight: 400;\">Die <\/span><b>Marktperspektive <\/b><span style=\"font-weight: 400;\">stellt die Konsument*innen in das Zentrum: durch Bewusstseinsbildung, durch Einkaufen, kann man das System ver\u00e4ndern. Kann man, aber es reicht eben nicht aus.<\/span><\/p>\n<p><b>Innovationen <\/b><span style=\"font-weight: 400;\">kamen auch sehr stark raus <a href=\"https:\/\/www.agrarinfo.ch\/societe\/handel-und-macht-wie-kann-die-schweiz-ihre-macht-einsetzen-um-in-den-partnerlandern-grundwerte-und-sdgs-zu-fordern\/#\">im ersten Panel<\/a>, wo immer wieder, auch von Botschafter Germann, sehr stark auf technische Innovationen gesetzt wird. Durch technischen Fortschritt k\u00f6nnen wir einen Wandel bewirken und eine Transformation vorantreiben. Das ist auch etwas, was sich in der wissenschaftlichen Literatur sehr stark widerspiegelt .<\/span><\/p>\n<p><span style=\"font-weight: 400;\">Womit wir st\u00e4rker arbeiten sind die Bereitstellungsperspektive und die Perspektive der Gesellschaft. Bei der <\/span><b>Bereitstellungsperspektive <\/b><span style=\"font-weight: 400;\">ist auch schon genannt worden, dass \u00f6ffentliche Einrichtungen, zum Beispiel \u00fcber die \u00f6ffentliche Beschaffung, sehr stark aktiv werden k\u00f6nnen, \u00fcber die biologische Landwirtschaft, oder, wie Sabine Bally schilderte, bei der Quartierplanung. Die <\/span><b>Gesellschaftsperspektive <\/b><span style=\"font-weight: 400;\">steht aus Sicht der Ern\u00e4hrungssouver\u00e4nit\u00e4t als Motor des sozialen und \u00f6kologischen Wandels und der sozialen Bewegungen stark im Vordergrund.<\/span><\/p>\n<p><b>Soziale Bewegungen als Treiber der Transformation<\/b><span style=\"font-weight: 400;\">: In unserem Forschungsprojekt nehmen wir vor allem diese beiden Perspektiven ein. Wenn wir uns lokale Ern\u00e4hrungssysteme anschauen, dann ist es auch immer wichtig, den nationalen Kontext in den Blick zu nehmen, aber auch die anderen r\u00e4umlichen Ebenen. Was passiert auf der st\u00e4dtischen Ebene, der lokalen, oder eben auch auf der nationalen?\u00a0<\/span><\/p>\n<p>Wir haben viel \u00fcber die Schweiz gesprochen, Anna-Maria Brunner kommt mit ganz frischen Eindr\u00fccken von Argentinien und wird mit konkreten Beispielen einen Einblick nach Argentinien geben:\u00a0 Ich werde nur kurz schlaglichtartig Einblicken in den argentinischen Kontext geben und dann mehr zur agrar\u00f6kologischen Szene sprechen und spezifisch zu den Zukunftsbildern und Visionen, die in dem Bereich vorherrschen.<\/p>\n<h4>Schlaglichtartige Einblicke auf Agrarland Argentinien<\/h4>\n<p><a href=\"https:\/\/www.agrarinfo.ch\/wp-content\/uploads\/sites\/2\/2024\/10\/3_1-7.jpg\"><img loading=\"lazy\" decoding=\"async\" class=\"aligncenter wp-image-18249\" src=\"https:\/\/www.agrarinfo.ch\/wp-content\/uploads\/sites\/2\/2024\/10\/3_1-7.jpg\" alt=\"\" width=\"500\" height=\"281\" srcset=\"https:\/\/www.agrarinfo.ch\/wp-content\/uploads\/sites\/2\/2024\/10\/3_1-7.jpg 2000w, https:\/\/www.agrarinfo.ch\/wp-content\/uploads\/sites\/2\/2024\/10\/3_1-7-300x169.jpg 300w, https:\/\/www.agrarinfo.ch\/wp-content\/uploads\/sites\/2\/2024\/10\/3_1-7-1024x576.jpg 1024w, https:\/\/www.agrarinfo.ch\/wp-content\/uploads\/sites\/2\/2024\/10\/3_1-7-768x432.jpg 768w, https:\/\/www.agrarinfo.ch\/wp-content\/uploads\/sites\/2\/2024\/10\/3_1-7-1536x864.jpg 1536w\" sizes=\"auto, (max-width: 500px) 100vw, 500px\" \/><\/a><\/p>\n<p>Spezifisch der Norden des Landes ist ganz stark gepr\u00e4gt vom Sojaanbau. Diese Massivit\u00e4t wird auf dieser Karte verdeutlicht. Sie stellt diese toxische Soja Republik dar, die sich \u00fcber Teile Argentiniens, Boliviens, Brasiliens, Paraguays und Uruguays erstreckt. In Argentinien werden 100% des Sojas mit Gentechnik, sprich gentechnisch manipuliertem Saatgut, angebaut. Auf der gesamten Anbaufl\u00e4che Argentiniens werden 64% der Fl\u00e4chen mit genmanipuliertem Saatgut bestellt. Das sind \u00fcber 240\u2019000 Quadratkilometer, also rund sechsmal die Fl\u00e4che der Schweiz. Das impliziert nat\u00fcrlich einen ganzen starken Einsatz von Pestiziden, und da h\u00e4lt auch Argentinien einen traurigen Rekord: Von den hier genannten L\u00e4ndern hat Argentinien die h\u00f6chste Anzahl an Toten durch Vergiftung durch Pestizide.<\/p>\n<p><span style=\"font-weight: 400;\">Weltweit ist Argentinien auf dem dritten Platz der Lebensmittel-Nettoexportateuren. Einerseits spielt das Land als Exporteur von Prim\u00e4rerzeugnissen f\u00fcr das globale Ern\u00e4hrungssystem eine zentrale Rolle, und andererseits machen die Exporte von landwirtschaftlichen Erzeugnissen \u00fcber die H\u00e4lfte der Exporte aus. 2022 beispielsweise gingen 55% der nationalen Exporten auf den landwirtschaftlichen Sektor zur\u00fcck; 28,1% alleine auf den Sojasektor.\u00a0<\/span><\/p>\n<h4>Neokoloniale Pl\u00fcnderung<\/h4>\n<p><span style=\"font-weight: 400;\">Im vorherrschenden Kontext des <a href=\"https:\/\/de.wikipedia.org\/wiki\/Extraktivismus\">Neo-Extraktivismus<\/a><\/span> <span style=\"font-weight: 400;\">geht die Konzentration auf externe M\u00e4rkte mit <a href=\"https:\/\/de.wikipedia.org\/wiki\/Reprimarisierung\">einer Reprimarisierung<\/a><\/span><span style=\"font-weight: 400;\">\u00a0<\/span><span style=\"font-weight: 400;\">der Wirtschaft einher. Der argentinische Fall der Sojaproduktion ist ein anschauliches Beispiel f\u00fcr die Einbindung eines Landes in das agrarindustriellen Konzerne (corporate food regime), die durch die Deregulierung und Liberalisierung des Marktes erm\u00f6glicht wurde. Die damit einhergehende Technologisierung und Finanzialisierung der Landwirtschaft spiegelt sich in dem starken und ungebrochenen Trend zu gr\u00f6sseren landwirtschaftlichen Betrieben und der m\u00e4chtigen Rolle der Agrarindustrie in Argentinien wider, die zwischen 70-90% der produktiven Fl\u00e4che des Landes gepachtet hat.<\/span><\/p>\n<p><span style=\"font-weight: 400;\">Die daraus resultierende Produktionskonzentration verdr\u00e4ngt nicht nur b\u00e4uerliche Familienbetriebe, sondern f\u00fchrt durch ihre st\u00e4ndige Expansion und die Suche nach neuen Gebieten auch zur Entwaldung und zur Vertreibung von Bauern und indigenen Gemeinschaften. Die sozial\u00f6kologische Folgen werden noch einmal verst\u00e4rkt in Zeiten von \u00f6konomischen Krisen. Das Land hat das Potential, f\u00fcr 330 Millionen Menschen Lebensmittel zu erzeugen. Dennoch waren 2020 rund 33% der argentinischen Bev\u00f6lkerung von Ern\u00e4hrungsunsicherheit betroffen. Argentinien ist ein Modellbeispiel des Hungers im Angesicht eines reichlichen Angebots an Nahrungsressourcen.<\/span><\/p>\n<p><span style=\"font-weight: 400;\">Es gibt Gegenentw\u00fcrfe zu diesen \u201ccooperate food regimes\u201d, weltweit und auch in Argentinien, die diese Maximierung des \u00f6konomischen Gewinns ablehnen und stattdessen das Leben und auch die Autonomie ins Zentrum stellen. Buon Vivir, Gutes Leben, heisst das Konzept in Argentinien und generell im lateinamerikanischen Kontext. Um dieses zu erreichen im latinen Weltverst\u00e4ndnis, braucht es ein Neudenken der Gegenwart, der Zukunft, es braucht alternative Zukunftsbilder auch f\u00fcrs Ern\u00e4hrungssystem.\u00a0<\/span><\/p>\n<p><span style=\"font-weight: 400;\">Wieso sind solche Zukunftsbilder wichtig? Und was sind solche Zukunftsvisionen? Es sind Visionen, in denen die Naturgesetze gleich bleiben, aber sich die Gesellschaft ver\u00e4ndert. Neue Blicke auf die Welt, die uns in irgendeiner Form weitergehen lassen. Wohin, das h\u00e4ngt eben davon ab, was wir uns vorstellen. Sie lenken in einer gewissen Weise die Gesellschaft in eine bestimmte Richtung und materialisieren sich schlussendlich in Diskursen in Praktiken und Politiken. Sie sehen also in einer gewissen Form eine intangible Basis, einer materiellen Realit\u00e4t oder Zukunft, und somit auf starke Punkte f\u00fcr die sozial-\u00f6kologischen Transformationen, die Christina Plank vorhin schon erw\u00e4hnt hat.<\/span><\/p>\n<h4>Buon Vivir &#8211; Gutes Leben im Mittelpunkt durch Agrar\u00f6kologie<\/h4>\n<p><span style=\"font-weight: 400;\">Ein ganz konkreter Gegenentwurf, der das gute Leben in den Mittelpunkt stellt, ist die Agrar\u00f6kologie. In der argentinischen Definition von Agrar\u00f6kologie wird das \u201cgute Leben\u201d sogar konkret genannt. Weil eben die Agrar\u00f6kologie auf das gute Leben der gesamten Gesellschaft abzielt und dieses st\u00e4rkt.<\/span><\/p>\n<p><span style=\"font-weight: 400;\">In Argentinien gibt es schon einige konkrete Projekte, die versuchen, das Ern\u00e4hrungssystem neu zu denken und Agrar\u00f6kologie als Baustein eines guten Lebens in der Machtstruktur zur Anfechtung der Hegemonie anzusehen. Es gibt sie in unterschiedlichen gesellschaftlichen Teilbereichen auf unterschiedlichen Skalen, Ebenen; aus dem wissenschaftlichen Sektor zum Beispiel die SOKLA (die lateinamerikanische wissenschaftliche Gesellschaft f\u00fcr Agrar\u00f6kologie), im politisch-institutionellen Kontext die Renamo (das nationale nationale Netzwerk an Gemeinden die \u00d6kologie f\u00f6rdern), und aus dem zivilgesellschaftlichen Bereich nat\u00fcrlich mit Gewerkschaften und lokalen Initiativen. Auf diese Initiativen und Bef\u00fcrworter*innen der Agrar\u00f6kologie m\u00f6chte ich jetzt einen genaueren Blick werfen und fragen, was f\u00fcr Zukunftsbilder sie sich ausmalen. Inwiefern sehen sie eine Konsistenz zwischen Agrobusiness und Agrar\u00f6kologie in der Zukunft?<\/span><\/p>\n<p><span style=\"font-weight: 400;\">Die <\/span><b>staatlichen Akteure und Institutionen<\/b><span style=\"font-weight: 400;\">, die f\u00fcr die Agrar\u00f6kologie einstehen und diese konkret in ihr Zukunftsbild mit einbinden, denken Agrar\u00f6kologie gemeinsam mit Agrobusiness. Sie r\u00e4umen nicht nur die M\u00f6glichkeit der Koexistenz ein, sondern sagen, dass diese Koexistenz w\u00fcnschenswert ist, damit eine gewisse Synergie entstehen kann. Damit das m\u00f6glich ist, braucht die Agrar\u00f6kologie Technologien, und um sie erwerben zu k\u00f6nnen, braucht es die Hilfe der Politik.\u00a0<\/span><\/p>\n<p><span style=\"font-weight: 400;\">Da spielen einige dominante Narrative, von denen ich 2 beispielsweise nennen m\u00f6chte: Als erstes die Unproduktivit\u00e4t der Agrar\u00f6kologie. Das allgemeine Verst\u00e4ndnis ist, dass Agrar\u00f6kologie in Argentinien unterkapitalisiert und unproduktiv sei. Deswegen brauche es eben Technologien und staatliche Unterst\u00fctzung. Auf dieser Sichtweise basiert auch das zweite Argument, das besagt, dass es einen geteilten Markt brauche. Auch in der Zukunft brauche es die konventionelle Produktion f\u00fcr den Export und f\u00fcr die Generierung von Dollars, aber daneben als Alternative und vielleicht etwas unproduktiver, die Produktion f\u00fcr die Versorgung des Landesinneren.<\/span><\/p>\n<p><span style=\"font-weight: 400;\">Diese Trennung des Marktes wird als unumst\u00f6sslich, aber auch als positiv komplement\u00e4r angesehen. Deswegen ist die Zukunftsperspektive im Falle dieser Gruppe vielleicht mehr eine Kontinuit\u00e4t des Status quo, wo sozial \u00f6kologische Konflikte die entstehen k\u00f6nnen, ausgeklammert werden.<\/span><\/p>\n<p><span style=\"font-weight: 400;\">Die <\/span><b>alternativen Ern\u00e4hrungsnetzwerke<\/b><span style=\"font-weight: 400;\"> hingegen, also jene Netzwerke, die Agrar\u00f6kologie schon in der Praxis implementieren, sehen keine Koexistenz mit dem Agri-Business. Die ganzen Gr\u00fcnde, wieso diese Personen Agrar\u00f6kologie in der Praxis umsetzen, sind auch die Gr\u00fcnde, weshalb sie eine Koexistenz mit der Corporate Agrarindustrie ablehnen. Sie verweisen auf die Konkurrenz \u00fcber das Land und auch den Einsatz von Pestiziden, die eine Koexistenz verunm\u00f6glichen. Gleichzeitig zeichnen diese Akteur*innen auch Bilder, die vielleicht etwas pragmatischer sind und die Unumg\u00e4nglichkeit der Konsistenz einr\u00e4umen. Eine Produzentin sagte: &#8222;Die Agrarindustrie wird nicht aufh\u00f6ren, wir m\u00fcssen versuchen, uns ins Produktionssystem also irgendwie einzuf\u00fcgen.\u201d\u00a0 Also auch hier sind die Zukunftsvisionen nicht so radikal utopisch, wie wir uns vielleicht gedacht hatten. Es sind eher ambivalente Zukunftsperspektiven, zweigeteilt zwischen utopischem Idealismus und pragmatischem Realismus. Eine andere Produzentin sagte eben zu mir, das Schl\u00fcsselwort in Bezug auf die Koexistenz sei nicht, ob sie koexistieren k\u00f6nnen, sondern ob sie sollten. Also zusammenfassend: Beide Gruppen, d.h. Vertreterinnen der Agrar\u00f6kologie und die staatlichen Akteur*innen, zeichneten Zukunftsbilder, die in irgendeiner Form das Agribusiness beinhalteten. Da m\u00f6chte ich die Frage in die Runde werfen: Wo gehen wir denn hin, wenn selbst die Vertreterinnen der Agrar\u00f6kologie das Agribusiness der Zukunft mitdenken?<\/span><\/p>\n<h4>Transformative Zukunftsbilder brauchen stabilen Boden<\/h4>\n<p><span style=\"font-weight: 400;\">Um diesen Exkurs nach Argentinien mit einer konstruktiveren Note zu beenden m\u00f6chte ich auf ein paar Aspekte eingehen, die die Kreation von transformativen Zukunftsbildern verhindern oder einschr\u00e4nken, und auch ein paar Appelle formulieren, um eben solche transformativen Zukunftsbilder zeichnen zu k\u00f6nnen und dann auch in die Realit\u00e4t umzusetzen. Da m\u00f6chte ich mit 2 kurzen Geschichten starten aus einer Untersuchungsregion in Rio Negro, s\u00fcdlich von Buenos Aires, und Zitaten von Landwirtinnen. In der Zusammenarbeit mit den Landwirten wurde\u00a0 ein zentrales Problem herausgearbeitet, und zwar die Kontrolle von Unkraut. Eine Produzentin sagte zu mir, eine Strategie, die sie gefunden haben, sei das Mulchen. Dazu verwenden sie das ausgediente Plastik der umliegenden Zwiebelproduzenten. Zum Kontext: Die Zwiebelproduktion dort ist konventionell und vor allem f\u00fcr den Export gedacht. Das heisst, das Plastik, das die \u00f6kologischen Produzent*innen wiederverwenden, ist voller Pestizidr\u00fcckst\u00e4nde. Es kann deshalb auch nicht mehr recycelt werden. Das heisst, die kleinen, \u00f6kologischen Produzent*innen k\u00f6nnen das Plastik nicht mehr in die Recyclingstationen zur\u00fcckgeben, sondern m\u00fcssen es vor Ort, auf ihren Farmen, auch verbrennen. Neben diesen negativen Aspekten zeigt sich hier auch einfach ein Abh\u00e4ngigkeitsverh\u00e4ltnis, das aufgebaut wird.<\/span><\/p>\n<p><span style=\"font-weight: 400;\">Eine \u00e4hnliche Dynamik ergibt sich in Bezug auf das Land. Wieder am Beispiel der Zwiebeln: Die Zwiebelproduktion ist h\u00f6chst spekulativ und hat die Bodenpreise in den letzten Jahren stark steigen lassen, wodurch das Land eben nicht mehr leistbar wurde f\u00fcr die agrar\u00f6kologischen kleinen Produzent*innen. Was passiert? Nach 3 Jahren Zwiebelproduktion ist das Land ausgelaugt und nicht mehr interessant ist f\u00fcr die Zwiebelproduzent*innen. Sie ziehen weiter, pachten ein anderes Land und das verlassene wird pl\u00f6tzlich eben wieder preislich erschwinglich f\u00fcr die agrar\u00f6kologischen Produzent*innen. Das heisst, sie gehen auf dieses ausgelaugte Land und versuchen mit ihren agrar\u00f6kologischen Praktiken, die Bodenfruchtbarkeit wiederherzustellen, bis das Land wieder interessant wird f\u00fcr andere Formen der Produktion. So geht der Teufelskreis weiter. Diese Abh\u00e4ngigkeitsverh\u00e4ltnisse oder Beziehungen sind oftmals perfekt und m\u00fcssen daher aufgedeckt und auch Allianzen und L\u00f6sungsstrategien f\u00fcr die Opfer des Agribusiness gedacht werden. Schlussendlich k\u00f6nnen eben auch langfristige nachhaltige Zukunftsbilder nur auf einem stabilen Boden florieren.\u00a0<\/span><\/p>\n<p><a href=\"https:\/\/www.agrarinfo.ch\/wp-content\/uploads\/sites\/2\/2024\/10\/3_1-18.jpg\"><img loading=\"lazy\" decoding=\"async\" class=\"aligncenter wp-image-18251\" src=\"https:\/\/www.agrarinfo.ch\/wp-content\/uploads\/sites\/2\/2024\/10\/3_1-18.jpg\" alt=\"\" width=\"500\" height=\"281\" srcset=\"https:\/\/www.agrarinfo.ch\/wp-content\/uploads\/sites\/2\/2024\/10\/3_1-18.jpg 2000w, https:\/\/www.agrarinfo.ch\/wp-content\/uploads\/sites\/2\/2024\/10\/3_1-18-300x169.jpg 300w, https:\/\/www.agrarinfo.ch\/wp-content\/uploads\/sites\/2\/2024\/10\/3_1-18-1024x576.jpg 1024w, https:\/\/www.agrarinfo.ch\/wp-content\/uploads\/sites\/2\/2024\/10\/3_1-18-768x432.jpg 768w, https:\/\/www.agrarinfo.ch\/wp-content\/uploads\/sites\/2\/2024\/10\/3_1-18-1536x864.jpg 1536w\" sizes=\"auto, (max-width: 500px) 100vw, 500px\" \/><\/a><\/p>\n<p><span style=\"font-weight: 400;\">Ein weiteres Zitat: \u201cSie reinigen die Bew\u00e4sserungskan\u00e4le mit Glyphosat.\u201d \u201cJa, aber das ist nichts Neues, das ist kein Geheimnis.\u201d\u00a0<\/span><\/p>\n<p><span style=\"font-weight: 400;\">Als ich das geh\u00f6rt habe in einem Workshop sind mir zuerst mal die Alarmglocken hoch gegangen. Ich habe mir gedacht: &#8222;Wahnsinn, wie so latente und irgendwie lange Zeit auch unterdr\u00fcckte Konflikte dazu f\u00fchren k\u00f6nnen, dass <a href=\"https:\/\/de.wikipedia.org\/wiki\/Dystopie\">Dystopien<\/a><\/span><span style=\"font-weight: 400;\">\u00a0normalisiert werden.\u201d Diese Dystopien werden Teil einer scheinbar unver\u00e4nderbaren Realit\u00e4t und auch in Zukunftsbilder mitgenommen, weil sie als Basis und etwas Unver\u00e4nderbares gelten. Dem muss auch entgegengewirkt werden durch eine kritische Problematisierung und auch f\u00fcr eine Meinungs- und Versammlungsfreiheit, die derzeit in Argentinien stark eingeschr\u00e4nkt wird.<\/span><\/p>\n<p><span style=\"font-weight: 400;\">Ein vorletztes Beispiel: Unsere Vorstellungswelt wurde kolonisiert mit dem Ergebnis, dass wir uns nur noch Dystopien vorstellen k\u00f6nnen. Wir m\u00fcssen k\u00e4mpfen, um wieder f\u00e4hig zu sein, uns eine andere Zukunft vorzustellen. Eine Produzentin sagte zu mir, &#8222;wenn der Samen bereits besch\u00e4digt ist, dann kann nichts mehr gesundes wachsen\u201d.\u00a0 Wir m\u00fcssen also unsere Perspektiven dekolonisieren, sowohl in Argentinien als auch hier in Europa und anderswo, und beispielsweise L\u00e4nder wie Argentinien neu anschauen und nicht nur als Rohstofflieferanten definieren.\u00a0<\/span><\/p>\n<p><span style=\"font-weight: 400;\">2 letzte Zitate von Produzentinnen, als es eben um Zukunftsperspektiven und Bilder ging: \u201cIch will nicht an die Zukunft denken, denn ich bin schon genug mit der Gegenwart besch\u00e4ftigt\u201d.\u00a0 \u201cIch sollte besser nicht mitmachen und keine Fehler zu machen.\u00a0 Andere wissen es sowieso besser.\u201d\u00a0<\/span><\/p>\n<p><span style=\"font-weight: 400;\">Damit m\u00f6chte ich folgende Fragen in den Raum werfen: Wer hat denn die Ressourcen, Zukunftsvisionen zu denken? Wem schreiben wir die F\u00e4higkeiten zu, solches zu tun? Wer traut sich in Folge auch selbst die F\u00e4higkeiten zu solches zu tun? Wem h\u00f6ren wir zu? Um transformative Zukunftsbilder zu zeichnen, braucht es die Stimmen und Visionen aller, vor allem auch jener Personen, deren Existenz vom Ern\u00e4hrungssystem abh\u00e4ngt. Die systemische Gerechtigkeit oder Ungerechtigkeit in alledem muss mitgedacht werden.\u00a0<\/span><\/p>\n<p><span style=\"font-weight: 400;\">Die derzeitige Dynamik in Argentinien ist weit davon entfernt: die Universit\u00e4ten in Argentinien sind besetzt zur Verteidigung des \u00f6ffentlichen Unisystems. Die Forschungsgelder sind eingefroren und die Regierung hat dem nationalen Institut f\u00fcr Agrar\u00f6kologie verboten, W\u00f6rter wie Klimawandel, Agrar\u00f6kologie oder Gender zu verwenden. Es braucht ein \u00f6ffentliches Bildungssystem und eine Gew\u00e4hrleistung unabh\u00e4ngiger kritischer Forschung, um genau solche Zukunftsbilder oder alternative Zukunftsbilder zeichnen zu k\u00f6nnen. Dennoch gibt es Agrar\u00f6kologie in Argentinien. Die Bewegung ist stark und wird immer st\u00e4rker. Vielleicht w\u00e4re sie noch st\u00e4rker mit weniger Gegenwind, aber es geht auch so weiter.<\/span><\/p>\n<h4>Transformation braucht Allianzbildung. Beispiele aus Mitteleuropa<\/h4>\n<p><span style=\"font-weight: 400;\">Zur\u00fcck nach Mitteleuropa zu zwei Beispielen in anderen lokalen Systemen, in Interaktion mit anderen r\u00e4umlichen Ebenen:<\/span><\/p>\n<p><span style=\"font-weight: 400;\">Das erste dreht sich um die urbanen Ern\u00e4hrungssysteme in Tschechien, ganz konkret um Prag und Br\u00fcnn. Das ist eine Arbeit, die auch sehr stark meine Kollegin Michaela Pixov\u00e1 gemacht hat, Geographin in Prag, mit der These, dass es, wie wir schon geh\u00f6rt haben, Unterst\u00fctzung brauche, um lokale Ern\u00e4hrungssysteme zu st\u00e4rken. Kurz der nationale Kontext: Wir befinden uns hier in einem postsozialistischen Nahrungsregime. Tschechien ist eines der L\u00e4nder mit sehr sehr grossen Agroholdings, als postsozialistisches Erbe. 90% der Betriebe bewirtschaften \u00fcber 50 ha, und seit den 1990er Jahren gibt es auch eine starke Pr\u00e4senz von transnationalen Ketten, vor allem von den Superm\u00e4rkten. Gleichzeitig gab es aber auch eine starke Tradition der Selbstversorgung \u00fcber Kleing\u00e4rten, so wie in Polen und in der Slovakei auch. Es scheint mir sehr spezifisch f\u00fcr Zentral- und Mitteleuropa, dass diese Kleing\u00e4rten, obwohl ihnen etwas &#8222;Veraltetes&#8220; anhaftet, noch so stark in der Gesellschaft verankert sind.\u00a0 Wir haben uns gefragt, wie sich das in den st\u00e4dtischen Lebensmittelpolitiken \u00e4ussert.\u00a0<\/span><\/p>\n<p><span style=\"font-weight: 400;\">Eine st\u00e4dtische Lebensmittelpolitik ist, ansatzweise, auf Papier vorhanden, aber st\u00e4dtische Unterst\u00fctzung erhalten die vermeindlich veralteten Kleing\u00e4rten, in denen weiterhin sehr viel gutes Gem\u00fcse w\u00e4chst, nur noch minimal. Das immer gr\u00f6sser werdende Interesse der Bev\u00f6lkerung an frischen und gesunden Nahrungsmitteln f\u00fchrt zur Entstehung von Bauernm\u00e4rkten, von Initiativen wie Gemeinschaftsg\u00e4rten und solidarischer Landwirtschaft, sowie NGOs, die sich mit Kreislaufwirtschaft und der Reduktion von Lebensmittelabf\u00e4llen befassen.<\/span><\/p>\n<p><a href=\"https:\/\/www.agrarinfo.ch\/wp-content\/uploads\/sites\/2\/2024\/10\/3_1-22.jpg\"><img loading=\"lazy\" decoding=\"async\" class=\"aligncenter wp-image-18253\" src=\"https:\/\/www.agrarinfo.ch\/wp-content\/uploads\/sites\/2\/2024\/10\/3_1-22.jpg\" alt=\"\" width=\"500\" height=\"281\" srcset=\"https:\/\/www.agrarinfo.ch\/wp-content\/uploads\/sites\/2\/2024\/10\/3_1-22.jpg 2000w, https:\/\/www.agrarinfo.ch\/wp-content\/uploads\/sites\/2\/2024\/10\/3_1-22-300x169.jpg 300w, https:\/\/www.agrarinfo.ch\/wp-content\/uploads\/sites\/2\/2024\/10\/3_1-22-1024x576.jpg 1024w, https:\/\/www.agrarinfo.ch\/wp-content\/uploads\/sites\/2\/2024\/10\/3_1-22-768x432.jpg 768w, https:\/\/www.agrarinfo.ch\/wp-content\/uploads\/sites\/2\/2024\/10\/3_1-22-1536x864.jpg 1536w\" sizes=\"auto, (max-width: 500px) 100vw, 500px\" \/><\/a><\/p>\n<p><span style=\"font-weight: 400;\">Transformation braucht Allianzbildung zwischen Initiativen mit unterschiedlichem Grad an <a href=\"https:\/\/www.bwl-lexikon.de\/wiki\/sozialkapital\/\">Sozialkapital<\/a><\/span><span style=\"font-weight: 400;\">\u00a0und unterschiedlichen Links zu den st\u00e4dtischen Institutionen.<\/span><\/p>\n<p><span style=\"font-weight: 400;\">Ein zweites Beispiel aus \u00d6sterreich: <strong>Vom Green Deal haben wir schon geh\u00f6rt, die Farm to Fork Stragegy ist Teil davon<\/strong>. Wir haben die Frage gestellt, wie sich der Grean Deal anhand der Vom Hof auf den Tisch &#8211; Strategie in \u00d6sterreich manifestiert. In Experteninterviews haben wir 3 politische Projekte identifiziert, getragen von 3 verschiedenen Gruppen\u00a0<\/span><\/p>\n<ul>\n<li style=\"font-weight: 400;\"><span style=\"font-weight: 400;\">die Konservativen Kr\u00e4fte, die, zusammen mit der Agrarindustrie, der Landwirtschaftskammer und weiteren, mit einem starken Narrativ der Angst, dass die Vom Hof auf den Tisch-Strategie die Lebensgrundlage der Bauern und B\u00e4uerinnen zerst\u00f6re, die Diskussion dominieren;<\/span><\/li>\n<\/ul>\n<ul>\n<li style=\"font-weight: 400;\"><span style=\"font-weight: 400;\">institutionelle Akteur*innen, u.a. aus Klima- und Sozialministerium, setzen auf den Narrativ der Transparenz und gemeinsame Gouvernance und fordern die Umsetzung der Farm 2 Fork Strategie;<\/span><\/li>\n<li style=\"font-weight: 400;\"><span style=\"font-weight: 400;\">soziale Bewegungen wie die Bewegung f\u00fcr Ern\u00e4hrungssouver\u00e4nit\u00e4t, denen diese Strategie nicht weit genug geht und die Alternativen fordern\u00a0<\/span><\/li>\n<\/ul>\n<p><a href=\"https:\/\/www.agrarinfo.ch\/wp-content\/uploads\/sites\/2\/2024\/10\/3_1-24.jpg\"><img loading=\"lazy\" decoding=\"async\" class=\"aligncenter wp-image-18255\" src=\"https:\/\/www.agrarinfo.ch\/wp-content\/uploads\/sites\/2\/2024\/10\/3_1-24.jpg\" alt=\"\" width=\"500\" height=\"281\" srcset=\"https:\/\/www.agrarinfo.ch\/wp-content\/uploads\/sites\/2\/2024\/10\/3_1-24.jpg 2000w, https:\/\/www.agrarinfo.ch\/wp-content\/uploads\/sites\/2\/2024\/10\/3_1-24-300x169.jpg 300w, https:\/\/www.agrarinfo.ch\/wp-content\/uploads\/sites\/2\/2024\/10\/3_1-24-1024x576.jpg 1024w, https:\/\/www.agrarinfo.ch\/wp-content\/uploads\/sites\/2\/2024\/10\/3_1-24-768x432.jpg 768w, https:\/\/www.agrarinfo.ch\/wp-content\/uploads\/sites\/2\/2024\/10\/3_1-24-1536x864.jpg 1536w\" sizes=\"auto, (max-width: 500px) 100vw, 500px\" \/><\/a><\/p>\n<p><span style=\"font-weight: 400;\">Ein Konflikt bez\u00fcglich der Umsetzung der Strategie ist, dass diese verschiedenen Projekte und Interessensgruppen unterschiedliche Entscheidungsmacht und finanzielle Ressourcen haben, und dass die Zielgruppen unterschiedlich betroffen sind. Ausserdem wird, wie immer wieder, individualisiert. Das heisst, es werden Personen als Konsument*innen oder als Produzent*innen direkt angesprochen, w\u00e4hrend die ganze Verarbeitungsindustrie ausgeblendet wird. Die Rolle der Superm\u00e4rkte: inexistent. Dabei w\u00e4ren diese Akteure eigentlich ein wichtiger Teil der Strategie. Auch die Diversit\u00e4t der B\u00e4uerinnen und Bauern wird nicht beachtet: vermeintlich w\u00e4ren alle gleich gross, h\u00e4tten das gleiche Kapital, w\u00e4ren gleich politisch engagiert und von den gleichen Institutionen vertreten etc., was nicht der Fall ist.\u00a0\u00a0<\/span><\/p>\n<p><span style=\"font-weight: 400;\">Trotzdem: es gab tats\u00e4chlich auch eine institutionelle Entwicklung, indem neue institutionelle Strukturen entstanden, die Kommunikation und Kooperation zwischen den verschiedenen Ministerien f\u00f6rdern.<\/span><\/p>\n<p><span style=\"font-weight: 400;\">Zusammenfassend: sind wir ausgegangen von Konflikten in lokalen Ern\u00e4hrungssystemen im jeweiligen nationalen und globalen Kontext, dass es f\u00fcr die Transformation ver\u00e4nderte Zukunftsbilder braucht und gleichzeitig eben auch immer wieder die Einbettung in verschiedenen r\u00e4umlichen h\u00f6heren Ebenen, von Stadt oder dem Land.<\/span><\/p>    <\/div>\n<\/div>\n<!-- \/module text -->\t\t\t\t<\/div><!-- .tb-column-inner -->\n\t\t\t\t\t\t<\/div><!-- .module_column -->\n\t\t\t\t\t\t<\/div><!-- .row_inner -->\n\t\t<\/div><!-- .module_row -->\n\t\t\t\t\t\t\t\t<!-- module_row -->\n\t\t<div  data-anchor=\"diskussion\" data-lazy=\"1\" class=\"module_row themify_builder_row tb_has_section tb_section-diskussion tb_ini9711 tf_w tf_clearfix\">\n\t\t\t\t\t<div class=\"row_inner col_align_top tb_col_count_1 tf_box tf_rel\">\n\t\t\t\t\t<div  data-lazy=\"1\" class=\"module_column tb-column col-full tb_xit5711 first\">\n\t\t\t\t\t\t\t\t\t<div class=\"tb-column-inner tf_box tf_w\">\n\t\t\t\t<!-- module text -->\n<div  class=\"module module-text tb_7ef7711   \" data-lazy=\"1\">\n        <div  class=\"tb_text_wrap\">\n    <\/p>\n<h2><em><strong>Diskussion\u00a0\u00fcber agrar\u00f6kologische Ans\u00e4tze f\u00fcr ein nachhaltiges und resilientes weltweites Ern\u00e4hrungssystems und dar\u00fcber, wie wir den daf\u00fcr notwendigen Wertewandel anstossen k\u00f6nnen.<\/strong><\/em><\/h2>\n<p>Klicken Sie zur von Marguerite Meyer moderierten <a href=\"https:\/\/www.youtube.com\/live\/sRJZyLuMyI8?si=-0kG0cD6iyvRWX7H&amp;t=1851\" target=\"_blank\" rel=\"noopener\">Podiumsdiskussion mit (in alphabethischer Reihenfolge) Anna-Maria Brunner (Universit\u00e4t Innsbruck),\u00a0 Raeto Cadotsch (Fili\u00e8re Alimentaire des Vergers, Meyrin) und Christina Plank (BOKU University Wien\u00a0 \u2192<\/a><\/p>\n    <\/div>\n<\/div>\n<!-- \/module text -->\t\t\t\t<\/div><!-- .tb-column-inner -->\n\t\t\t\t\t\t<\/div><!-- .module_column -->\n\t\t\t\t\t\t<\/div><!-- .row_inner -->\n\t\t<\/div><!-- .module_row -->\n\t\t\t\t\t\t\t\t<!-- module_row -->\n\t\t<div  id=\"paragraph3\" data-lazy=\"1\" class=\"module_row themify_builder_row tb_nqqp303 tf_w tf_clearfix\">\n\t\t\t\t\t<div class=\"row_inner col_align_top tb_col_count_1 tf_box tf_rel\">\n\t\t\t\t\t<div  data-lazy=\"1\" class=\"module_column tb-column col-full tb_kl4g303 first\">\n\t\t\t\t\t\t\t\t\t<div class=\"tb-column-inner tf_box tf_w\">\n\t\t\t\t<!-- module icon -->\n<div  class=\"module module-icon tb_s0rp303  normal circle icon_horizontal tf_textr\" data-lazy=\"1\">\n\t\t\t<div class=\"module-icon-item\">\n\t\t\t\t\t\t\t<a href=\"#TOC\">\n\t\t\t\t\t\t\t\t\t\t\t\t\t\t\t\t\t<em class=\"tf_box\"><svg  class=\"tf_fa tf-ti-arrow-up\" aria-hidden=\"true\"><use href=\"#tf-ti-arrow-up\"><\/use><\/svg><\/em>\n\t\t\t\t\t\t\t\t\t\t\t\t\t\t\t\t\t\t\t<span>zur\u00fcck nach oben<\/span>\n\t\t\t\t\t\t\t\t\t\t\t\t\t\t\t\t\t<\/a>\n\t\t\t\t\t<\/div>\n\t<\/div>\n<!-- \/module icon -->\n\t\t\t\t<\/div><!-- .tb-column-inner -->\n\t\t\t\t\t\t<\/div><!-- .module_column -->\n\t\t\t\t\t\t<\/div><!-- .row_inner -->\n\t\t<\/div><!-- .module_row -->\n\t\t\t\t<\/div>\n<!--\/themify_builder_content-->","protected":false},"excerpt":{"rendered":"<p>Transkription der Beitr\u00e4ge des dritten Teils der Konferenz.<\/p>\n","protected":false},"author":14,"featured_media":18299,"comment_status":"open","ping_status":"open","sticky":false,"template":"","format":"standard","meta":{"footnotes":""},"categories":[95],"tags":[220],"class_list":["post-17942","post","type-post","status-publish","format-standard","has-post-thumbnail","hentry","category-societe","tag-jma-2024","has-post-title","has-post-date","has-post-category","has-post-tag","has-post-comment","has-post-author",""],"yoast_head":"<!-- This site is optimized with the Yoast SEO plugin v23.8 - https:\/\/yoast.com\/wordpress\/plugins\/seo\/ -->\n<title>Agrar\u00f6kologische Ans\u00e4tze und lokale Ern\u00e4hrungssysteme. Wie bestimmen wir \u00fcber unsere Ern\u00e4hrung? - Agrarinfo<\/title>\n<meta name=\"description\" content=\"Transkription der Beitr\u00e4ge des dritten Teils der Konferenz.\" \/>\n<meta name=\"robots\" content=\"index, follow, max-snippet:-1, max-image-preview:large, max-video-preview:-1\" \/>\n<link rel=\"canonical\" href=\"https:\/\/www.agrarinfo.ch\/de\/societe\/agrarokologische-ansatze-und-lokale-ernahrungssysteme\/\" \/>\n<meta property=\"og:locale\" content=\"de_DE\" \/>\n<meta property=\"og:type\" content=\"article\" \/>\n<meta property=\"og:title\" content=\"Agrar\u00f6kologische Ans\u00e4tze und lokale Ern\u00e4hrungssysteme. Wie bestimmen wir \u00fcber unsere Ern\u00e4hrung? - Agrarinfo\" \/>\n<meta property=\"og:description\" content=\"Transkription der Beitr\u00e4ge des dritten Teils der Konferenz.\" \/>\n<meta property=\"og:url\" content=\"https:\/\/www.agrarinfo.ch\/de\/societe\/agrarokologische-ansatze-und-lokale-ernahrungssysteme\/\" \/>\n<meta property=\"og:site_name\" content=\"Agrarinfo\" \/>\n<meta property=\"article:publisher\" content=\"https:\/\/www.facebook.com\/agrarinfo.ch\" \/>\n<meta property=\"article:published_time\" content=\"2024-10-28T11:18:10+00:00\" \/>\n<meta property=\"article:modified_time\" content=\"2024-11-14T07:17:59+00:00\" \/>\n<meta property=\"og:image\" content=\"https:\/\/www.agrarinfo.ch\/wp-content\/uploads\/sites\/2\/2024\/10\/powerChess_local.jpg\" \/>\n\t<meta property=\"og:image:width\" content=\"1200\" \/>\n\t<meta property=\"og:image:height\" content=\"765\" \/>\n\t<meta property=\"og:image:type\" content=\"image\/jpeg\" \/>\n<meta name=\"author\" content=\"repris d&#039;une autre source\" \/>\n<meta name=\"twitter:card\" content=\"summary_large_image\" \/>\n<meta name=\"twitter:creator\" content=\"@agrar_info\" \/>\n<meta name=\"twitter:site\" content=\"@agrar_info\" \/>\n<meta name=\"twitter:label1\" content=\"Verfasst von\" \/>\n\t<meta name=\"twitter:data1\" content=\"repris d&#039;une autre source\" \/>\n\t<meta name=\"twitter:label2\" content=\"Gesch\u00e4tzte Lesezeit\" \/>\n\t<meta name=\"twitter:data2\" content=\"55\u00a0Minuten\" \/>\n<script type=\"application\/ld+json\" class=\"yoast-schema-graph\">{\"@context\":\"https:\/\/schema.org\",\"@graph\":[{\"@type\":\"Article\",\"@id\":\"https:\/\/www.agrarinfo.ch\/de\/societe\/agrarokologische-ansatze-und-lokale-ernahrungssysteme\/#article\",\"isPartOf\":{\"@id\":\"https:\/\/www.agrarinfo.ch\/de\/societe\/agrarokologische-ansatze-und-lokale-ernahrungssysteme\/\"},\"author\":{\"name\":\"repris d'une autre source\",\"@id\":\"https:\/\/www.agrarinfo.ch\/de\/#\/schema\/person\/2c9c7ebc6367dcfe6e1ddacf391c5336\"},\"headline\":\"Agrar\u00f6kologische Ans\u00e4tze und lokale Ern\u00e4hrungssysteme. Wie bestimmen wir \u00fcber unsere Ern\u00e4hrung?\",\"datePublished\":\"2024-10-28T11:18:10+00:00\",\"dateModified\":\"2024-11-14T07:17:59+00:00\",\"mainEntityOfPage\":{\"@id\":\"https:\/\/www.agrarinfo.ch\/de\/societe\/agrarokologische-ansatze-und-lokale-ernahrungssysteme\/\"},\"wordCount\":5404,\"commentCount\":0,\"publisher\":{\"@id\":\"https:\/\/www.agrarinfo.ch\/de\/#organization\"},\"image\":{\"@id\":\"https:\/\/www.agrarinfo.ch\/de\/societe\/agrarokologische-ansatze-und-lokale-ernahrungssysteme\/#primaryimage\"},\"thumbnailUrl\":\"https:\/\/www.agrarinfo.ch\/wp-content\/uploads\/sites\/2\/2024\/10\/powerChess_local.jpg\",\"keywords\":[\"JMA 2024\"],\"articleSection\":[\"Soci\u00e9t\u00e9\"],\"inLanguage\":\"de\",\"potentialAction\":[{\"@type\":\"CommentAction\",\"name\":\"Comment\",\"target\":[\"https:\/\/www.agrarinfo.ch\/de\/societe\/agrarokologische-ansatze-und-lokale-ernahrungssysteme\/#respond\"]}]},{\"@type\":\"WebPage\",\"@id\":\"https:\/\/www.agrarinfo.ch\/de\/societe\/agrarokologische-ansatze-und-lokale-ernahrungssysteme\/\",\"url\":\"https:\/\/www.agrarinfo.ch\/de\/societe\/agrarokologische-ansatze-und-lokale-ernahrungssysteme\/\",\"name\":\"Agrar\u00f6kologische Ans\u00e4tze und lokale Ern\u00e4hrungssysteme. Wie bestimmen wir \u00fcber unsere Ern\u00e4hrung? - Agrarinfo\",\"isPartOf\":{\"@id\":\"https:\/\/www.agrarinfo.ch\/de\/#website\"},\"primaryImageOfPage\":{\"@id\":\"https:\/\/www.agrarinfo.ch\/de\/societe\/agrarokologische-ansatze-und-lokale-ernahrungssysteme\/#primaryimage\"},\"image\":{\"@id\":\"https:\/\/www.agrarinfo.ch\/de\/societe\/agrarokologische-ansatze-und-lokale-ernahrungssysteme\/#primaryimage\"},\"thumbnailUrl\":\"https:\/\/www.agrarinfo.ch\/wp-content\/uploads\/sites\/2\/2024\/10\/powerChess_local.jpg\",\"datePublished\":\"2024-10-28T11:18:10+00:00\",\"dateModified\":\"2024-11-14T07:17:59+00:00\",\"description\":\"Transkription der Beitr\u00e4ge des dritten Teils der Konferenz.\",\"breadcrumb\":{\"@id\":\"https:\/\/www.agrarinfo.ch\/de\/societe\/agrarokologische-ansatze-und-lokale-ernahrungssysteme\/#breadcrumb\"},\"inLanguage\":\"de\",\"potentialAction\":[{\"@type\":\"ReadAction\",\"target\":[\"https:\/\/www.agrarinfo.ch\/de\/societe\/agrarokologische-ansatze-und-lokale-ernahrungssysteme\/\"]}]},{\"@type\":\"ImageObject\",\"inLanguage\":\"de\",\"@id\":\"https:\/\/www.agrarinfo.ch\/de\/societe\/agrarokologische-ansatze-und-lokale-ernahrungssysteme\/#primaryimage\",\"url\":\"https:\/\/www.agrarinfo.ch\/wp-content\/uploads\/sites\/2\/2024\/10\/powerChess_local.jpg\",\"contentUrl\":\"https:\/\/www.agrarinfo.ch\/wp-content\/uploads\/sites\/2\/2024\/10\/powerChess_local.jpg\",\"width\":1200,\"height\":765},{\"@type\":\"BreadcrumbList\",\"@id\":\"https:\/\/www.agrarinfo.ch\/de\/societe\/agrarokologische-ansatze-und-lokale-ernahrungssysteme\/#breadcrumb\",\"itemListElement\":[{\"@type\":\"ListItem\",\"position\":1,\"name\":\"Accueil\",\"item\":\"https:\/\/www.agrarinfo.ch\/de\/\"},{\"@type\":\"ListItem\",\"position\":2,\"name\":\"Agrar\u00f6kologische Ans\u00e4tze und lokale Ern\u00e4hrungssysteme. Wie bestimmen wir \u00fcber unsere Ern\u00e4hrung?\"}]},{\"@type\":\"WebSite\",\"@id\":\"https:\/\/www.agrarinfo.ch\/de\/#website\",\"url\":\"https:\/\/www.agrarinfo.ch\/de\/\",\"name\":\"Agrarinfo\",\"description\":\"Just another bienvu.ch site\",\"publisher\":{\"@id\":\"https:\/\/www.agrarinfo.ch\/de\/#organization\"},\"potentialAction\":[{\"@type\":\"SearchAction\",\"target\":{\"@type\":\"EntryPoint\",\"urlTemplate\":\"https:\/\/www.agrarinfo.ch\/de\/?s={search_term_string}\"},\"query-input\":{\"@type\":\"PropertyValueSpecification\",\"valueRequired\":true,\"valueName\":\"search_term_string\"}}],\"inLanguage\":\"de\"},{\"@type\":\"Organization\",\"@id\":\"https:\/\/www.agrarinfo.ch\/de\/#organization\",\"name\":\"agrarinfo.ch\",\"alternateName\":\"agrarinfo.ch\",\"url\":\"https:\/\/www.agrarinfo.ch\/de\/\",\"logo\":{\"@type\":\"ImageObject\",\"inLanguage\":\"de\",\"@id\":\"https:\/\/www.agrarinfo.ch\/de\/#\/schema\/logo\/image\/\",\"url\":\"https:\/\/www.agrarinfo.ch\/wp-content\/uploads\/sites\/2\/2024\/03\/agrarinfo_A_quadrat.jpg\",\"contentUrl\":\"https:\/\/www.agrarinfo.ch\/wp-content\/uploads\/sites\/2\/2024\/03\/agrarinfo_A_quadrat.jpg\",\"width\":1107,\"height\":1105,\"caption\":\"agrarinfo.ch\"},\"image\":{\"@id\":\"https:\/\/www.agrarinfo.ch\/de\/#\/schema\/logo\/image\/\"},\"sameAs\":[\"https:\/\/www.facebook.com\/agrarinfo.ch\",\"https:\/\/x.com\/agrar_info\",\"https:\/\/www.instagram.com\/agrarinfo.ch\/\",\"https:\/\/www.linkedin.com\/in\/agrarinfo-ch-8894342a0\/\"]},{\"@type\":\"Person\",\"@id\":\"https:\/\/www.agrarinfo.ch\/de\/#\/schema\/person\/2c9c7ebc6367dcfe6e1ddacf391c5336\",\"name\":\"repris d'une autre source\",\"image\":{\"@type\":\"ImageObject\",\"inLanguage\":\"de\",\"@id\":\"https:\/\/www.agrarinfo.ch\/de\/#\/schema\/person\/image\/\",\"url\":\"https:\/\/secure.gravatar.com\/avatar\/6686f9925a0f33fa4ec348ad0866c7f88cb0b46827d0926ef7b856582b9ce742?s=96&d=mm&r=g\",\"contentUrl\":\"https:\/\/secure.gravatar.com\/avatar\/6686f9925a0f33fa4ec348ad0866c7f88cb0b46827d0926ef7b856582b9ce742?s=96&d=mm&r=g\",\"caption\":\"repris d'une autre source\"}}]}<\/script>\n<!-- \/ Yoast SEO plugin. -->","yoast_head_json":{"title":"Agrar\u00f6kologische Ans\u00e4tze und lokale Ern\u00e4hrungssysteme. Wie bestimmen wir \u00fcber unsere Ern\u00e4hrung? - Agrarinfo","description":"Transkription der Beitr\u00e4ge des dritten Teils der Konferenz.","robots":{"index":"index","follow":"follow","max-snippet":"max-snippet:-1","max-image-preview":"max-image-preview:large","max-video-preview":"max-video-preview:-1"},"canonical":"https:\/\/www.agrarinfo.ch\/de\/societe\/agrarokologische-ansatze-und-lokale-ernahrungssysteme\/","og_locale":"de_DE","og_type":"article","og_title":"Agrar\u00f6kologische Ans\u00e4tze und lokale Ern\u00e4hrungssysteme. Wie bestimmen wir \u00fcber unsere Ern\u00e4hrung? - Agrarinfo","og_description":"Transkription der Beitr\u00e4ge des dritten Teils der Konferenz.","og_url":"https:\/\/www.agrarinfo.ch\/de\/societe\/agrarokologische-ansatze-und-lokale-ernahrungssysteme\/","og_site_name":"Agrarinfo","article_publisher":"https:\/\/www.facebook.com\/agrarinfo.ch","article_published_time":"2024-10-28T11:18:10+00:00","article_modified_time":"2024-11-14T07:17:59+00:00","og_image":[{"width":1200,"height":765,"url":"https:\/\/www.agrarinfo.ch\/wp-content\/uploads\/sites\/2\/2024\/10\/powerChess_local.jpg","type":"image\/jpeg"}],"author":"repris d'une autre source","twitter_card":"summary_large_image","twitter_creator":"@agrar_info","twitter_site":"@agrar_info","twitter_misc":{"Verfasst von":"repris d'une autre source","Gesch\u00e4tzte Lesezeit":"55\u00a0Minuten"},"schema":{"@context":"https:\/\/schema.org","@graph":[{"@type":"Article","@id":"https:\/\/www.agrarinfo.ch\/de\/societe\/agrarokologische-ansatze-und-lokale-ernahrungssysteme\/#article","isPartOf":{"@id":"https:\/\/www.agrarinfo.ch\/de\/societe\/agrarokologische-ansatze-und-lokale-ernahrungssysteme\/"},"author":{"name":"repris d'une autre source","@id":"https:\/\/www.agrarinfo.ch\/de\/#\/schema\/person\/2c9c7ebc6367dcfe6e1ddacf391c5336"},"headline":"Agrar\u00f6kologische Ans\u00e4tze und lokale Ern\u00e4hrungssysteme. Wie bestimmen wir \u00fcber unsere Ern\u00e4hrung?","datePublished":"2024-10-28T11:18:10+00:00","dateModified":"2024-11-14T07:17:59+00:00","mainEntityOfPage":{"@id":"https:\/\/www.agrarinfo.ch\/de\/societe\/agrarokologische-ansatze-und-lokale-ernahrungssysteme\/"},"wordCount":5404,"commentCount":0,"publisher":{"@id":"https:\/\/www.agrarinfo.ch\/de\/#organization"},"image":{"@id":"https:\/\/www.agrarinfo.ch\/de\/societe\/agrarokologische-ansatze-und-lokale-ernahrungssysteme\/#primaryimage"},"thumbnailUrl":"https:\/\/www.agrarinfo.ch\/wp-content\/uploads\/sites\/2\/2024\/10\/powerChess_local.jpg","keywords":["JMA 2024"],"articleSection":["Soci\u00e9t\u00e9"],"inLanguage":"de","potentialAction":[{"@type":"CommentAction","name":"Comment","target":["https:\/\/www.agrarinfo.ch\/de\/societe\/agrarokologische-ansatze-und-lokale-ernahrungssysteme\/#respond"]}]},{"@type":"WebPage","@id":"https:\/\/www.agrarinfo.ch\/de\/societe\/agrarokologische-ansatze-und-lokale-ernahrungssysteme\/","url":"https:\/\/www.agrarinfo.ch\/de\/societe\/agrarokologische-ansatze-und-lokale-ernahrungssysteme\/","name":"Agrar\u00f6kologische Ans\u00e4tze und lokale Ern\u00e4hrungssysteme. Wie bestimmen wir \u00fcber unsere Ern\u00e4hrung? - Agrarinfo","isPartOf":{"@id":"https:\/\/www.agrarinfo.ch\/de\/#website"},"primaryImageOfPage":{"@id":"https:\/\/www.agrarinfo.ch\/de\/societe\/agrarokologische-ansatze-und-lokale-ernahrungssysteme\/#primaryimage"},"image":{"@id":"https:\/\/www.agrarinfo.ch\/de\/societe\/agrarokologische-ansatze-und-lokale-ernahrungssysteme\/#primaryimage"},"thumbnailUrl":"https:\/\/www.agrarinfo.ch\/wp-content\/uploads\/sites\/2\/2024\/10\/powerChess_local.jpg","datePublished":"2024-10-28T11:18:10+00:00","dateModified":"2024-11-14T07:17:59+00:00","description":"Transkription der Beitr\u00e4ge des dritten Teils der Konferenz.","breadcrumb":{"@id":"https:\/\/www.agrarinfo.ch\/de\/societe\/agrarokologische-ansatze-und-lokale-ernahrungssysteme\/#breadcrumb"},"inLanguage":"de","potentialAction":[{"@type":"ReadAction","target":["https:\/\/www.agrarinfo.ch\/de\/societe\/agrarokologische-ansatze-und-lokale-ernahrungssysteme\/"]}]},{"@type":"ImageObject","inLanguage":"de","@id":"https:\/\/www.agrarinfo.ch\/de\/societe\/agrarokologische-ansatze-und-lokale-ernahrungssysteme\/#primaryimage","url":"https:\/\/www.agrarinfo.ch\/wp-content\/uploads\/sites\/2\/2024\/10\/powerChess_local.jpg","contentUrl":"https:\/\/www.agrarinfo.ch\/wp-content\/uploads\/sites\/2\/2024\/10\/powerChess_local.jpg","width":1200,"height":765},{"@type":"BreadcrumbList","@id":"https:\/\/www.agrarinfo.ch\/de\/societe\/agrarokologische-ansatze-und-lokale-ernahrungssysteme\/#breadcrumb","itemListElement":[{"@type":"ListItem","position":1,"name":"Accueil","item":"https:\/\/www.agrarinfo.ch\/de\/"},{"@type":"ListItem","position":2,"name":"Agrar\u00f6kologische Ans\u00e4tze und lokale Ern\u00e4hrungssysteme. Wie bestimmen wir \u00fcber unsere Ern\u00e4hrung?"}]},{"@type":"WebSite","@id":"https:\/\/www.agrarinfo.ch\/de\/#website","url":"https:\/\/www.agrarinfo.ch\/de\/","name":"Agrarinfo","description":"Just another bienvu.ch site","publisher":{"@id":"https:\/\/www.agrarinfo.ch\/de\/#organization"},"potentialAction":[{"@type":"SearchAction","target":{"@type":"EntryPoint","urlTemplate":"https:\/\/www.agrarinfo.ch\/de\/?s={search_term_string}"},"query-input":{"@type":"PropertyValueSpecification","valueRequired":true,"valueName":"search_term_string"}}],"inLanguage":"de"},{"@type":"Organization","@id":"https:\/\/www.agrarinfo.ch\/de\/#organization","name":"agrarinfo.ch","alternateName":"agrarinfo.ch","url":"https:\/\/www.agrarinfo.ch\/de\/","logo":{"@type":"ImageObject","inLanguage":"de","@id":"https:\/\/www.agrarinfo.ch\/de\/#\/schema\/logo\/image\/","url":"https:\/\/www.agrarinfo.ch\/wp-content\/uploads\/sites\/2\/2024\/03\/agrarinfo_A_quadrat.jpg","contentUrl":"https:\/\/www.agrarinfo.ch\/wp-content\/uploads\/sites\/2\/2024\/03\/agrarinfo_A_quadrat.jpg","width":1107,"height":1105,"caption":"agrarinfo.ch"},"image":{"@id":"https:\/\/www.agrarinfo.ch\/de\/#\/schema\/logo\/image\/"},"sameAs":["https:\/\/www.facebook.com\/agrarinfo.ch","https:\/\/x.com\/agrar_info","https:\/\/www.instagram.com\/agrarinfo.ch\/","https:\/\/www.linkedin.com\/in\/agrarinfo-ch-8894342a0\/"]},{"@type":"Person","@id":"https:\/\/www.agrarinfo.ch\/de\/#\/schema\/person\/2c9c7ebc6367dcfe6e1ddacf391c5336","name":"repris d'une autre source","image":{"@type":"ImageObject","inLanguage":"de","@id":"https:\/\/www.agrarinfo.ch\/de\/#\/schema\/person\/image\/","url":"https:\/\/secure.gravatar.com\/avatar\/6686f9925a0f33fa4ec348ad0866c7f88cb0b46827d0926ef7b856582b9ce742?s=96&d=mm&r=g","contentUrl":"https:\/\/secure.gravatar.com\/avatar\/6686f9925a0f33fa4ec348ad0866c7f88cb0b46827d0926ef7b856582b9ce742?s=96&d=mm&r=g","caption":"repris d'une autre source"}}]}},"builder_content":"<h3>INHALTSVERZEICHNIS<\/h3> <p><a href=\"#vergers\"><strong><em>Ern\u00e4hrungsdemokratie im Quartier | Zwischen Pessimismus der Intelligenz und Optimismus des Willens: eine Bestandsaufnahme\u00a0<\/em><\/strong><em>(Sabine Bally von der Fili\u00e8re Alimentaire des Vergers, Meyrin)<\/em><\/a><br \/><a href=\"#wien\"><strong><em>Wertebasierte, lokale Ern\u00e4hrungssysteme <\/em><\/strong><em>(Christina Plank, BOKU University Wien und Anna-Maria Brunner, Universit\u00e4t Innsbruck)<\/em><\/a><br \/><a href=\"#diskussion\"><strong><em>Podiumsdiskussion<\/em><\/strong><\/a><\/p>\n<h2><strong><em>Ern\u00e4hrungsdemokratie im Quartier | Zwischen Pessimismus der Intelligenz und Optimismus des Willens: eine Bestandsaufnahme<\/em><\/strong><\/h2> <h3>Transkription des Beitrags von Sabine Bally von der Fili\u00e8re Alimentaire des Vergers, Meyrin<\/h3> <p>\u201cIl faudrait sortir de la zone de consommation\u201d et \u00e7a pourrait \u00eatre le sous-titre de notre pr\u00e9sentation.\u00a0 <br \/>J'ai choisi un extrait d'une lettre de prison que <a href=\"https:\/\/fr.wikipedia.org\/wiki\/Antonio_Gramsci\" target=\"_blank\" rel=\"noopener\">Gramsci<\/a> a \u00e9crite \u00e0 son fr\u00e8re et c'est pour dire que nous nous sentons un peu en prison dans le stade actuel du projet. On cherche \u00e0 sortir de la zone de consommation mais on n'y arrive pas tout \u00e0 fait.<\/p> <p>Donc juste pour situer le projet dont je vous parle, on est \u00e0 Meyrin, c'est dans le canton de Gen\u00e8ve, une ville de 27'000 habitants, un quartier de 16 hectares, avec des anciennes terres agricoles d\u00e9class\u00e9es. Il y a 3'000 habitants. Les premiers habitants sont arriv\u00e9s en 2016 et un point important, c'est que la moiti\u00e9 de ce foncier appartenait \u00e0 la commune, donc la commune a pu d\u00e9finir pas mal de choses pour ce quartier. Entre autres, elle a pu faire en 2014, donc avant que les premiers habitants arrivent dans le quartier, un forum pour inviter les futur.es habitant.es pour r\u00e9fl\u00e9chir pendant 2 jours, avec plus d'une centaine de personnes, \u00e0 ce qu\u2019ils souhaiteraient pour leur nouveau \u201cvivre ensemble\u201d. Ce qui en est ressorti, et on \u00e9tait ravi de l'entendre, c'est le souhait de reprendre en main l'alimentation, la mani\u00e8re de s'alimenter. Ils ont voulu mettre l\u2019alimentation au c\u0153ur du projet. Notamment le choix du distributeur de quartier. Ils ont voulu d\u00e9cider de quels magasins allaient s'implanter dans ce quartier et c'est \u00e7a qui a lanc\u00e9 une dynamique propre autour de ce qu'on appelle aujourd'hui la fili\u00e8re alimentaire de quartier.<\/p> <p>Il en ressort donc un projet alimentaire de quartier qui comprend une ferme urbaine qui est install\u00e9e dans le quartier et qui est en lien avec un r\u00e9seau de fermes, un distributeur participatif paysan dans le quartier, 3 ateliers de transformation : une fromagerie qui ach\u00e8te son lait \u00e0 un franc le litre, une boulangerie et une boucherie qui est en ce moment ferm\u00e9e pour de nombreuses raisons. Le fait est que c'est tr\u00e8s compliqu\u00e9 de g\u00e9rer une boucherie. Il y a de plus, un 4\u00e8me atelier de transformation qui vient se greffer \u00e0 ces ateliers, au c\u0153ur du quartier. C\u2019est une l\u00e9gumerie, \u00e0 savoir un endroit o\u00f9 on lave les l\u00e9gumes, on les coupe, on les r\u00e2pe etc. On parle de l\u00e9gumes qu'on appelle de 4\u00e8me gamme que l'on vend aux restaurants.<\/p> <p><a href=\"https:\/\/www.agrarinfo.ch\/wp-content\/uploads\/sites\/2\/2024\/10\/3_2_2.jpg\"><img loading=\"lazy\" decoding=\"async\" src=\"https:\/\/www.agrarinfo.ch\/wp-content\/uploads\/sites\/2\/2024\/10\/3_2_2.jpg\" alt=\"\" width=\"500\" height=\"281\" srcset=\"https:\/\/www.agrarinfo.ch\/wp-content\/uploads\/sites\/2\/2024\/10\/3_2_2.jpg 2000w, https:\/\/www.agrarinfo.ch\/wp-content\/uploads\/sites\/2\/2024\/10\/3_2_2-300x169.jpg 300w, https:\/\/www.agrarinfo.ch\/wp-content\/uploads\/sites\/2\/2024\/10\/3_2_2-1024x576.jpg 1024w, https:\/\/www.agrarinfo.ch\/wp-content\/uploads\/sites\/2\/2024\/10\/3_2_2-768x432.jpg 768w, https:\/\/www.agrarinfo.ch\/wp-content\/uploads\/sites\/2\/2024\/10\/3_2_2-1536x864.jpg 1536w\" sizes=\"auto, (max-width: 500px) 100vw, 500px\" \/><\/a><\/p> <p><br \/>En fait, dans le projet initial, depuis le d\u00e9but, il y avait cette volont\u00e9 de ne pas faire quelque chose d'anecdotique, comme potentiellement un magasin peut le devenir, mais d'\u00eatre d\u00e8s le d\u00e9but, en lien avec les collectivit\u00e9s publiques.\u00a0Voil\u00e0, \u00e7a c'est un peu le contexte.<\/p> <p>Des urbanistes de toute l'Europe viennent regarder le succ\u00e8s de ce projet. Il y a effectivement un magasin qui cr\u00e9e du lien social, les g\u00e9n\u00e9rations s\u2019y m\u00e9langent, les gens trouvent une place, il y a des choses \u00e0 faire pour tout le monde. On se raconte des choses, on est un peu trop \u00e0 l'\u00e9troit, donc les agrumes, on les trie dans les entr\u00e9es d'immeubles etc. Il y a vraiment quelque chose qui a peu \u00e0 voir avec un magasin d'alimentation, mais qui se passe. C'est quand m\u00eame pas mal, et \u00e7a marche!\u00a0<\/p> <p>Ensuite, il y a un \u00e2ne, l'\u00e2ne du quartier. Tout le monde le conna\u00eet parce qu'en fait c'est l'\u00e2ne qui est utilis\u00e9 par la ferme des Vergers. Parfois, il vient devant le magasin. Il est utilis\u00e9 pour le labour des champs au pied des immeubles.<\/p> <p>Donc c'est le premier quartier agro-\u00e9cologique de Suisse! Une grande fiert\u00e9! C'est super, \u00e7a marche, on voit des l\u00e9gumes qui poussent au pied des immeubles et qui sont vendus dans le magasin.<\/p> <p><a href=\"https:\/\/www.agrarinfo.ch\/wp-content\/uploads\/sites\/2\/2024\/10\/3_2_7.jpg\"><img loading=\"lazy\" decoding=\"async\" src=\"https:\/\/www.agrarinfo.ch\/wp-content\/uploads\/sites\/2\/2024\/10\/3_2_7.jpg\" alt=\"\" width=\"500\" height=\"281\" srcset=\"https:\/\/www.agrarinfo.ch\/wp-content\/uploads\/sites\/2\/2024\/10\/3_2_7.jpg 2000w, https:\/\/www.agrarinfo.ch\/wp-content\/uploads\/sites\/2\/2024\/10\/3_2_7-300x169.jpg 300w, https:\/\/www.agrarinfo.ch\/wp-content\/uploads\/sites\/2\/2024\/10\/3_2_7-1024x576.jpg 1024w, https:\/\/www.agrarinfo.ch\/wp-content\/uploads\/sites\/2\/2024\/10\/3_2_7-768x432.jpg 768w, https:\/\/www.agrarinfo.ch\/wp-content\/uploads\/sites\/2\/2024\/10\/3_2_7-1536x864.jpg 1536w\" sizes=\"auto, (max-width: 500px) 100vw, 500px\" \/><\/a><\/p> <p><br \/>Notre fromager, Kevin, paye un bon prix pour son lait. Et puis Pierre, le boulanger, qui a un four \u00e0 pain, travaille des farines du r\u00e9seau de l'<a href=\"https:\/\/tournereve.ch\/\" target=\"_blank\" rel=\"noopener\">affaire Tourner\u00eave<\/a>, qui sont moulues avec un moulin \u00e0 meule de pierre. On se r\u00e9approprie donc un outil et je n'ai pas parl\u00e9 des semences mais pour faire un lien donc on a aussi un semencier <a href=\"https:\/\/shop.semencesdepays.ch\/\" target=\"_blank\" rel=\"noopener\">Semences de pays<\/a> \u00e0 Gen\u00e8ve. On est tr\u00e8s content car une partie des vari\u00e9t\u00e9s des l\u00e9gumes qu'on peut vendre, on en conna\u00eet les semences, c\u2019est contr\u00f4l\u00e9. Tout va bien!<\/p> <p>Et puis, il y a une dimension sociale dans tout \u00e7a, donc, au-del\u00e0 du magasin, on fait des animations, des repas et on partage quand m\u00eame des choses ensemble. Donc l\u00e0 on \u00e9tait du c\u00f4t\u00e9 de l'optimisme, des choses qui sont bien.<\/p> <p>Aux gens qui nous rendent visite, on leur raconte cet aspect. Mais ici je vais aussi parler des probl\u00e8mes. On arrive \u00e0 la r\u00e9alit\u00e9, donc on garde ces points positifs \u00e0 l'esprit, mais il y a quand m\u00eame un constat d'\u00e9chec. <br \/>Il y a <strong>\u00e0 peine 10% des habitantes et habitants du quartier qui viennent dans ce magasin<\/strong> et c'est un public extr\u00eamement homog\u00e8ne. <strong>On ne sait absolument pas comment parler, comment sensibiliser,<\/strong> comment s'adresser aux personnes qui ne font pas partie de ces 10%. Et pour vous dire, il y a des gens qui habitent dans l'immeuble o\u00f9 il y a la fromagerie qui ne savent m\u00eame pas qu'il y a une fromagerie dans leur immeuble! Ce n\u2019est pas qu\u2019on veuille \u00e0 tout prix qu'ils aillent acheter du fromage, mais juste la conscience que ce projet existe! A ce niveau, on est d\u00e9j\u00e0 en situation d'\u00e9chec. <\/p> <p>Bien s\u00fbr, quelqu'un qui loue un appartement dans ce quartier, c\u2019est aussi son droit de dire qu'il ne veut pas savoir \u00e7a! Il y a la libert\u00e9 de choix et de connaissance, \u00e7a existe, mais on est face \u00e0 un \u00e9chec!<\/p> <p>Et le 3\u00e8me \u00e9chec, c'est qu'<strong>on a de la peine \u00e0 maintenir des fermes dans ce r\u00e9seau<\/strong>. En effet, lentement la question se pose, s'il n'y a pas de d\u00e9bouch\u00e9s suffisants, de savoir pourquoi les producteur.trices devraient rester dans ce r\u00e9seau relativement compliqu\u00e9. Le magasin a un contrat annuel avec ce r\u00e9seau de fermes qui partagent un plan de production. C'est tr\u00e8s compliqu\u00e9! C'est beaucoup plus simple d'\u00eatre une ferme seule et de vendre en direct au march\u00e9. Alors que ce qu'on d\u00e9fend, c'est vraiment les fili\u00e8res courtes, d'\u00eatre en lien \u00e0 chaque \u00e9tape entre les mangeurs et les mangeuses, les transformateurs, les producteurs et l\u00e0, on a le probl\u00e8me que les producteurs commencent \u00e0 nous dire qu\u2019ils quittent le r\u00e9seau car ils travaillent \u00e0 perte.\u00a0\u00a0<\/p> <p>Donc aujourd'hui, on a l'impression qu'il y a 3 domaines dans lesquels on se trouve un peu dans une impasse:<br \/>En fait, on n'a pas les mots justes! On parle d'un \u201cmagasin de quartier\u201d, c'est le mot pour dire ce qu'on voulait faire. On entre ainsi dans un cadre de pens\u00e9e \u201cmagasin\u201d: il y a des \u00e9tiquettes avec les prix, il y a une caisse enregistreuse, il y a des horaires d'ouverture\u2026 donc, en fait, on voudrait sortir de la zone de consommation, mais les mots nous manquent et on a aussi le cadre de pens\u00e9e qui manque.<\/p> <p>On est dans un mod\u00e8le \u00e9conomique d\u00e9ficient, parce qu'il y a une plus-value sociale, une plus-value environnementale, pour l'agriculture qui est d\u00e9fendue, mais elles ne peuvent pas se r\u00e9percuter sur le prix. Qui paye \u00e7a? Le mod\u00e8le \u00e9conomique qu'on a, ne nous offre pas de r\u00e9ponse \u00e0 cette question. De plus, on a un probl\u00e8me d'organisation. Quelqu'un qui m'a dit aujourd'hui qu\u2019il a \u00e9t\u00e9 voir sur notre site et qu\u2019il a vu qu\u2019 il y a 4 coop\u00e9ratives. Et il se posait la question de la mani\u00e8re dont elles travaillent ensemble. Je pense en fait qu\u2019il faudrait former une seule coop\u00e9rative et que l\u2019on trouve un mod\u00e8le de gouvernance. Mais \u00e0 ce jour, on est sans cesse confront\u00e9 \u00e0 une logique de march\u00e9 et de d\u00e9fense de notre fonctionnement, qui est une d\u00e9fense \u00e9conomique et, si on ne peut pas se partager ce risque l\u00e0, on ne peut pas vraiment travailler ensemble! C\u2019est une des d\u00e9faillances que l'on rencontre aujourd'hui. On n'a pas trouv\u00e9 comment changer. C'est une question de cadre de pens\u00e9e ou de changement de paradigme. En fait, on ne sait pas comment faire autrement. Alors, on fait un peu avec ce qu'on nous dit de faire, mais \u00e7a ne marche pas tout \u00e0 fait pour ce qu'on veut faire.<\/p> <p><a href=\"https:\/\/www.agrarinfo.ch\/wp-content\/uploads\/sites\/2\/2024\/10\/3_2_16.jpg\"><img loading=\"lazy\" decoding=\"async\" src=\"https:\/\/www.agrarinfo.ch\/wp-content\/uploads\/sites\/2\/2024\/10\/3_2_16.jpg\" alt=\"\" width=\"500\" height=\"281\" srcset=\"https:\/\/www.agrarinfo.ch\/wp-content\/uploads\/sites\/2\/2024\/10\/3_2_16.jpg 2000w, https:\/\/www.agrarinfo.ch\/wp-content\/uploads\/sites\/2\/2024\/10\/3_2_16-300x169.jpg 300w, https:\/\/www.agrarinfo.ch\/wp-content\/uploads\/sites\/2\/2024\/10\/3_2_16-1024x576.jpg 1024w, https:\/\/www.agrarinfo.ch\/wp-content\/uploads\/sites\/2\/2024\/10\/3_2_16-768x432.jpg 768w, https:\/\/www.agrarinfo.ch\/wp-content\/uploads\/sites\/2\/2024\/10\/3_2_16-1536x864.jpg 1536w\" sizes=\"auto, (max-width: 500px) 100vw, 500px\" \/><\/a><\/p> <p><br \/>\u201cL'optimisme de la volont\u00e9\u201d c'\u00e9tait aussi dans la lettre de Gramsci \u00e0 son fr\u00e8re : on peut \u00eatre en prison, mais pas \u00e0 perp\u00e9tuit\u00e9 et donc on a des perspectives qui nous enchantent!\u00a0 C'est cet atelier de l\u00e9gumerie qui nous permet en fait de sortir du march\u00e9 pour 60% des l\u00e9gumes n\u00e9cessaires aux collectivit\u00e9s publiques. <br \/>La l\u00e9gumerie des Vergers a un contrat avec les collectivit\u00e9s publiques de la commune de Meyrin pour couvrir 60% des besoins en l\u00e9gumes. Il y a l\u00e0 une volont\u00e9 politique et un travail qui a \u00e9t\u00e9 fait sur le long terme pour qu'on s'entende entre le prestataire priv\u00e9 qui g\u00e8re les restaurants scolaires, l\u2019atelier de transformation artisanale et la commune. Finalement, on a trouv\u00e9 une solution. Ca c'est quand m\u00eame des perspectives qui sont r\u00e9jouissantes. D'autre part, de mani\u00e8re g\u00e9n\u00e9rale, le lien avec la commune de Meyrin est r\u00e9jouissant parce qu\u2019on a une collectivit\u00e9 publique qui \u00e0 force de nombreuses heures de r\u00e9unions, s'est appropri\u00e9 ce projet et s'y engage de mani\u00e8re proactive. Elle nous propose un local communal de 800 m\u00b2 pour une dur\u00e9e de 4 ou 5 ans.<\/p> <p><a href=\"https:\/\/www.agrarinfo.ch\/wp-content\/uploads\/sites\/2\/2024\/10\/3_2_17.jpg\"><img loading=\"lazy\" decoding=\"async\" src=\"https:\/\/www.agrarinfo.ch\/wp-content\/uploads\/sites\/2\/2024\/10\/3_2_17.jpg\" alt=\"\" width=\"500\" height=\"281\" srcset=\"https:\/\/www.agrarinfo.ch\/wp-content\/uploads\/sites\/2\/2024\/10\/3_2_17.jpg 2000w, https:\/\/www.agrarinfo.ch\/wp-content\/uploads\/sites\/2\/2024\/10\/3_2_17-300x169.jpg 300w, https:\/\/www.agrarinfo.ch\/wp-content\/uploads\/sites\/2\/2024\/10\/3_2_17-1024x576.jpg 1024w, https:\/\/www.agrarinfo.ch\/wp-content\/uploads\/sites\/2\/2024\/10\/3_2_17-768x432.jpg 768w, https:\/\/www.agrarinfo.ch\/wp-content\/uploads\/sites\/2\/2024\/10\/3_2_17-1536x864.jpg 1536w\" sizes=\"auto, (max-width: 500px) 100vw, 500px\" \/><\/a><\/p> <p>Je vais terminer avec le droit \u00e0 l'alimentation qui a \u00e9t\u00e9 \u00e9voqu\u00e9 ce matin par Lisa Mazzone, qui a \u00e9t\u00e9 vot\u00e9 \u00e0 Gen\u00e8ve en juin de l'ann\u00e9e derni\u00e8re. Gen\u00e8ve est le premier canton de Suisse qui a un droit \u00e0 l'alimentation dans sa constitution et ce droit \u00e0 l'alimentation, pour nous et 6 autres associations nous a permis de mettre en place un projet de caisse genevoise de l'alimentation qui est aujourd'hui port\u00e9 par 2 comit\u00e9s citoyens de l'alimentation. On pr\u00e9voit le lancement d'un prototype pour septembre 2025.<\/p> <p>Voil\u00e0 et en fait si je dois vous quitter maintenant, c'est parce que ce soir, il y a une motion qui a \u00e9t\u00e9 d\u00e9pos\u00e9e en septembre pour que la politique alimentaire de Meyrin prenne en consid\u00e9ration le projet pilote de la caisse alimentaire et on a une audience ce soir.\u00a0<\/p> <p>Merci beaucoup de votre attention.<\/p>\n<h2><strong><em>Wertebasierte, lokale Ern\u00e4hrungssysteme<\/em><\/strong><\/h2> <h3>Transkription des Beitrags von Christina Plank, BOKU University Wien und Anna-Maria Brunner, Universit\u00e4t Innsbruck<\/h3> <p>In den n\u00e4chsten paar Minuten werden wir ganz kurz etwas zu den Konflikten im Ern\u00e4hrungssystem sagen und mit welchen verschiedenen Transformationsperspektiven wir dann auf dieses schauen k\u00f6nnen, um eine Transformation voranzutreiben. Wir werden dann unser Forschungsprojekt \u201cWertebasierte Produktions- und Konsumweisen\u201d vorstellen. Hier haben wir uns mit spezifischen lokalen Ern\u00e4hrungssystemen in Argentinien, mit der Agrar\u00f6kologie und auch mit upscaling-Prozessen von lokalen Ern\u00e4hrungssystemen in Tschechien und in der Schweiz auseinandergesetzt.<\/p> <h4>Konflikte im Ern\u00e4hrungssystem<\/h4> <p><a href=\"https:\/\/www.agrarinfo.ch\/wp-content\/uploads\/sites\/2\/2024\/10\/3_1-3.jpg\"><img loading=\"lazy\" decoding=\"async\" src=\"https:\/\/www.agrarinfo.ch\/wp-content\/uploads\/sites\/2\/2024\/10\/3_1-3.jpg\" alt=\"\" width=\"500\" height=\"281\" srcset=\"https:\/\/www.agrarinfo.ch\/wp-content\/uploads\/sites\/2\/2024\/10\/3_1-3.jpg 2000w, https:\/\/www.agrarinfo.ch\/wp-content\/uploads\/sites\/2\/2024\/10\/3_1-3-300x169.jpg 300w, https:\/\/www.agrarinfo.ch\/wp-content\/uploads\/sites\/2\/2024\/10\/3_1-3-1024x576.jpg 1024w, https:\/\/www.agrarinfo.ch\/wp-content\/uploads\/sites\/2\/2024\/10\/3_1-3-768x432.jpg 768w, https:\/\/www.agrarinfo.ch\/wp-content\/uploads\/sites\/2\/2024\/10\/3_1-3-1536x864.jpg 1536w\" sizes=\"auto, (max-width: 500px) 100vw, 500px\" \/><\/a><\/p> <p>Zu den Konflikten haben wir heute ja schon einiges geh\u00f6rt in den ersten 2 Sessions. Ich finde das ist aber trotzdem nochmal eine sch\u00f6ne \u00dcberblicks- und Eingangsfolie aus dem APCC (Austrian Panel on Climate Change) Bericht von 2023 \u201cStrukturen f\u00fcr ein klimafreundliches Leben\u201d, zu dem ich, zusammen mit Marianne Penker von der BOKU und Karl-Michael Brunner von der WU Wien, das Ern\u00e4hrungs-Kapitel beigesteuert habe. Unsere Aufgabe war neben Transformationsperspektiven auch Konflikte zusammenzufassen. Wir haben heute schon einiges geh\u00f6rt \u00fcber verschiedene Politikbereiche, wo Konflikte sehr pr\u00e4sent sind. Aus \u00d6sterreich und EU Perspektive geh\u00f6rt da auch sehr stark die <b>gemeinsame Agrarpolitik<\/b>dazu, wo es darum geht, wer welche Subventionen bekommt, wie sind da unterschiedliche Verteilungen zwischen Ebenen Kleinb\u00e4uerinnen und den gr\u00f6sseren Betrieben, das sind auch die internationalen Handlungsstrukturen, die heute im ersten Panel diskutiert wurden, aber auch einfach so die Tatsache dass, bevor die Diskussion gelaufen ist, Ern\u00e4hrung ganz oft als privates Thema abgehandelt wird und nicht als politisches.<\/p> <p>Als zweiter Konfliktbereich, weil es ja um einen spezifischen Klima-Bericht gegangen ist, ist das <b>Konfliktthema Fleisch<\/b> aufgekommen. Wir haben heute schon vom Palm\u00f6l gesprochen, aber eben auch Soja oder andere Flex Crops, wie sie eben unterschiedlich eingesetzt werden, auch f\u00fcr die Fleischproduktion, f\u00fcr Futtermittel, treiben eben die Klimakrise voran. Und, was ich immer ganz interessant finde, vielleicht weiss das jemand f\u00fcr die Schweiz, dass dieses Konfliktthema Fleisch auch traditionelle Geschlechterverh\u00e4ltnisse widerspiegelt. In \u00d6sterreich konsumieren wir im Durchschnitt 2 Drittel zu viel Fleisch, und, wenn man jetzt bin\u00e4r denkt Frau und Mann, ist das nochmal so verteilt, dass M\u00e4nner mehr Fleisch konsumieren als Frauen. Es gibt zwar einige Initiativen im Bereich von freiwilligen Massnahmen, aber keine konkreten Verboten oder Regulierungen.<\/p> <p>Als dritter Konflikt,die <b>Arbeitskonflikte,<\/b> die sind jetzt auch schon im Palm\u00f6l Thema (im Vortrag von Tina Goethe) ein bisschen vorgekommen. Ganz konkret geht es eben in der Wertsch\u00f6pfungskette los bei den Bauern und B\u00e4uerinnen, \u00fcber die Erntearbeiter*innen und bis hin zu dem Lebensmittel-Arbeiter*innen, so wie wir das in der covid Pandemie dann auch miterlebt haben.<\/p> <p>Der vierte Konflikt ist spezifisch auch f\u00fcr die Wissenschaft sehr wichtig. Es gibt <b>verschiedene Wissensformen<\/b>, die unterschiedlich anerkannt sind. Obwohl wir zum Gl\u00fcck immer st\u00e4rker transdisziplin\u00e4r forschen und Wissen von so genannten ausserakademischen-Akteuren und Akteurinnen mit einbeziehen, ist es eben trotzdem so, dass oft noch Forschung fern der Lebensrealit\u00e4ten von Bauern und B\u00e4uerinnen stattfindet. Mehr zu Agrar\u00f6kologie h\u00f6ren wir dann von Anna-Maria Brunner am Beispiel von Argentinien.\u00a0<\/p> <p>Diesals kurze Zusammenfassung vom Stand der Literatur und Forschung, die eben von uns f\u00fcr diesen APCC ausgewertet wurde.<\/p> <h4>Systemischer Wandel von Marktmacht zu Marktgestaltung<\/h4> <p><b>Wie kommen wir von dieser Marktmacht hin zu einer Marktgestaltung?<\/b> Aus einer wissenschaftlichen Perspektive gibt es verschiedene sozialwissenschaftliche Theorien, die unterschiedlichen Annahmen nachgehen, wie so eine Transformation, also wie ein systemischer Wandel, passieren kann.\u00a0<\/p> <p><a href=\"https:\/\/www.agrarinfo.ch\/wp-content\/uploads\/sites\/2\/2024\/10\/3_1-4.jpg\"><img loading=\"lazy\" decoding=\"async\" src=\"https:\/\/www.agrarinfo.ch\/wp-content\/uploads\/sites\/2\/2024\/10\/3_1-4.jpg\" alt=\"\" width=\"500\" height=\"281\" srcset=\"https:\/\/www.agrarinfo.ch\/wp-content\/uploads\/sites\/2\/2024\/10\/3_1-4.jpg 2000w, https:\/\/www.agrarinfo.ch\/wp-content\/uploads\/sites\/2\/2024\/10\/3_1-4-300x169.jpg 300w, https:\/\/www.agrarinfo.ch\/wp-content\/uploads\/sites\/2\/2024\/10\/3_1-4-1024x576.jpg 1024w, https:\/\/www.agrarinfo.ch\/wp-content\/uploads\/sites\/2\/2024\/10\/3_1-4-768x432.jpg 768w, https:\/\/www.agrarinfo.ch\/wp-content\/uploads\/sites\/2\/2024\/10\/3_1-4-1536x864.jpg 1536w\" sizes=\"auto, (max-width: 500px) 100vw, 500px\" \/><\/a><\/p> <p>Vorherrschend bei diesen 4 Perspektiven sind die Markt- und die Innovationsperspektive.\u00a0<\/p> <p>Die <b>Marktperspektive <\/b>stellt die Konsument*innen in das Zentrum: durch Bewusstseinsbildung, durch Einkaufen, kann man das System ver\u00e4ndern. Kann man, aber es reicht eben nicht aus.<\/p> <p><b>Innovationen <\/b>kamen auch sehr stark raus <a href=\"https:\/\/www.agrarinfo.ch\/societe\/handel-und-macht-wie-kann-die-schweiz-ihre-macht-einsetzen-um-in-den-partnerlandern-grundwerte-und-sdgs-zu-fordern\/#\">im ersten Panel<\/a>, wo immer wieder, auch von Botschafter Germann, sehr stark auf technische Innovationen gesetzt wird. Durch technischen Fortschritt k\u00f6nnen wir einen Wandel bewirken und eine Transformation vorantreiben. Das ist auch etwas, was sich in der wissenschaftlichen Literatur sehr stark widerspiegelt .<\/p> <p>Womit wir st\u00e4rker arbeiten sind die Bereitstellungsperspektive und die Perspektive der Gesellschaft. Bei der <b>Bereitstellungsperspektive <\/b>ist auch schon genannt worden, dass \u00f6ffentliche Einrichtungen, zum Beispiel \u00fcber die \u00f6ffentliche Beschaffung, sehr stark aktiv werden k\u00f6nnen, \u00fcber die biologische Landwirtschaft, oder, wie Sabine Bally schilderte, bei der Quartierplanung. Die <b>Gesellschaftsperspektive <\/b>steht aus Sicht der Ern\u00e4hrungssouver\u00e4nit\u00e4t als Motor des sozialen und \u00f6kologischen Wandels und der sozialen Bewegungen stark im Vordergrund.<\/p> <p><b>Soziale Bewegungen als Treiber der Transformation<\/b>: In unserem Forschungsprojekt nehmen wir vor allem diese beiden Perspektiven ein. Wenn wir uns lokale Ern\u00e4hrungssysteme anschauen, dann ist es auch immer wichtig, den nationalen Kontext in den Blick zu nehmen, aber auch die anderen r\u00e4umlichen Ebenen. Was passiert auf der st\u00e4dtischen Ebene, der lokalen, oder eben auch auf der nationalen?\u00a0<\/p> <p>Wir haben viel \u00fcber die Schweiz gesprochen, Anna-Maria Brunner kommt mit ganz frischen Eindr\u00fccken von Argentinien und wird mit konkreten Beispielen einen Einblick nach Argentinien geben:\u00a0 Ich werde nur kurz schlaglichtartig Einblicken in den argentinischen Kontext geben und dann mehr zur agrar\u00f6kologischen Szene sprechen und spezifisch zu den Zukunftsbildern und Visionen, die in dem Bereich vorherrschen.<\/p> <h4>Schlaglichtartige Einblicke auf Agrarland Argentinien<\/h4> <p><a href=\"https:\/\/www.agrarinfo.ch\/wp-content\/uploads\/sites\/2\/2024\/10\/3_1-7.jpg\"><img loading=\"lazy\" decoding=\"async\" src=\"https:\/\/www.agrarinfo.ch\/wp-content\/uploads\/sites\/2\/2024\/10\/3_1-7.jpg\" alt=\"\" width=\"500\" height=\"281\" srcset=\"https:\/\/www.agrarinfo.ch\/wp-content\/uploads\/sites\/2\/2024\/10\/3_1-7.jpg 2000w, https:\/\/www.agrarinfo.ch\/wp-content\/uploads\/sites\/2\/2024\/10\/3_1-7-300x169.jpg 300w, https:\/\/www.agrarinfo.ch\/wp-content\/uploads\/sites\/2\/2024\/10\/3_1-7-1024x576.jpg 1024w, https:\/\/www.agrarinfo.ch\/wp-content\/uploads\/sites\/2\/2024\/10\/3_1-7-768x432.jpg 768w, https:\/\/www.agrarinfo.ch\/wp-content\/uploads\/sites\/2\/2024\/10\/3_1-7-1536x864.jpg 1536w\" sizes=\"auto, (max-width: 500px) 100vw, 500px\" \/><\/a><\/p> <p>Spezifisch der Norden des Landes ist ganz stark gepr\u00e4gt vom Sojaanbau. Diese Massivit\u00e4t wird auf dieser Karte verdeutlicht. Sie stellt diese toxische Soja Republik dar, die sich \u00fcber Teile Argentiniens, Boliviens, Brasiliens, Paraguays und Uruguays erstreckt. In Argentinien werden 100% des Sojas mit Gentechnik, sprich gentechnisch manipuliertem Saatgut, angebaut. Auf der gesamten Anbaufl\u00e4che Argentiniens werden 64% der Fl\u00e4chen mit genmanipuliertem Saatgut bestellt. Das sind \u00fcber 240\u2019000 Quadratkilometer, also rund sechsmal die Fl\u00e4che der Schweiz. Das impliziert nat\u00fcrlich einen ganzen starken Einsatz von Pestiziden, und da h\u00e4lt auch Argentinien einen traurigen Rekord: Von den hier genannten L\u00e4ndern hat Argentinien die h\u00f6chste Anzahl an Toten durch Vergiftung durch Pestizide.<\/p> <p>Weltweit ist Argentinien auf dem dritten Platz der Lebensmittel-Nettoexportateuren. Einerseits spielt das Land als Exporteur von Prim\u00e4rerzeugnissen f\u00fcr das globale Ern\u00e4hrungssystem eine zentrale Rolle, und andererseits machen die Exporte von landwirtschaftlichen Erzeugnissen \u00fcber die H\u00e4lfte der Exporte aus. 2022 beispielsweise gingen 55% der nationalen Exporten auf den landwirtschaftlichen Sektor zur\u00fcck; 28,1% alleine auf den Sojasektor.\u00a0<\/p> <h4>Neokoloniale Pl\u00fcnderung<\/h4> <p>Im vorherrschenden Kontext des <a href=\"https:\/\/de.wikipedia.org\/wiki\/Extraktivismus\">Neo-Extraktivismus<\/a> geht die Konzentration auf externe M\u00e4rkte mit <a href=\"https:\/\/de.wikipedia.org\/wiki\/Reprimarisierung\">einer Reprimarisierung<\/a>\u00a0der Wirtschaft einher. Der argentinische Fall der Sojaproduktion ist ein anschauliches Beispiel f\u00fcr die Einbindung eines Landes in das agrarindustriellen Konzerne (corporate food regime), die durch die Deregulierung und Liberalisierung des Marktes erm\u00f6glicht wurde. Die damit einhergehende Technologisierung und Finanzialisierung der Landwirtschaft spiegelt sich in dem starken und ungebrochenen Trend zu gr\u00f6sseren landwirtschaftlichen Betrieben und der m\u00e4chtigen Rolle der Agrarindustrie in Argentinien wider, die zwischen 70-90% der produktiven Fl\u00e4che des Landes gepachtet hat.<\/p> <p>Die daraus resultierende Produktionskonzentration verdr\u00e4ngt nicht nur b\u00e4uerliche Familienbetriebe, sondern f\u00fchrt durch ihre st\u00e4ndige Expansion und die Suche nach neuen Gebieten auch zur Entwaldung und zur Vertreibung von Bauern und indigenen Gemeinschaften. Die sozial\u00f6kologische Folgen werden noch einmal verst\u00e4rkt in Zeiten von \u00f6konomischen Krisen. Das Land hat das Potential, f\u00fcr 330 Millionen Menschen Lebensmittel zu erzeugen. Dennoch waren 2020 rund 33% der argentinischen Bev\u00f6lkerung von Ern\u00e4hrungsunsicherheit betroffen. Argentinien ist ein Modellbeispiel des Hungers im Angesicht eines reichlichen Angebots an Nahrungsressourcen.<\/p> <p>Es gibt Gegenentw\u00fcrfe zu diesen \u201ccooperate food regimes\u201d, weltweit und auch in Argentinien, die diese Maximierung des \u00f6konomischen Gewinns ablehnen und stattdessen das Leben und auch die Autonomie ins Zentrum stellen. Buon Vivir, Gutes Leben, heisst das Konzept in Argentinien und generell im lateinamerikanischen Kontext. Um dieses zu erreichen im latinen Weltverst\u00e4ndnis, braucht es ein Neudenken der Gegenwart, der Zukunft, es braucht alternative Zukunftsbilder auch f\u00fcrs Ern\u00e4hrungssystem.\u00a0<\/p> <p>Wieso sind solche Zukunftsbilder wichtig? Und was sind solche Zukunftsvisionen? Es sind Visionen, in denen die Naturgesetze gleich bleiben, aber sich die Gesellschaft ver\u00e4ndert. Neue Blicke auf die Welt, die uns in irgendeiner Form weitergehen lassen. Wohin, das h\u00e4ngt eben davon ab, was wir uns vorstellen. Sie lenken in einer gewissen Weise die Gesellschaft in eine bestimmte Richtung und materialisieren sich schlussendlich in Diskursen in Praktiken und Politiken. Sie sehen also in einer gewissen Form eine intangible Basis, einer materiellen Realit\u00e4t oder Zukunft, und somit auf starke Punkte f\u00fcr die sozial-\u00f6kologischen Transformationen, die Christina Plank vorhin schon erw\u00e4hnt hat.<\/p> <h4>Buon Vivir - Gutes Leben im Mittelpunkt durch Agrar\u00f6kologie<\/h4> <p>Ein ganz konkreter Gegenentwurf, der das gute Leben in den Mittelpunkt stellt, ist die Agrar\u00f6kologie. In der argentinischen Definition von Agrar\u00f6kologie wird das \u201cgute Leben\u201d sogar konkret genannt. Weil eben die Agrar\u00f6kologie auf das gute Leben der gesamten Gesellschaft abzielt und dieses st\u00e4rkt.<\/p> <p>In Argentinien gibt es schon einige konkrete Projekte, die versuchen, das Ern\u00e4hrungssystem neu zu denken und Agrar\u00f6kologie als Baustein eines guten Lebens in der Machtstruktur zur Anfechtung der Hegemonie anzusehen. Es gibt sie in unterschiedlichen gesellschaftlichen Teilbereichen auf unterschiedlichen Skalen, Ebenen; aus dem wissenschaftlichen Sektor zum Beispiel die SOKLA (die lateinamerikanische wissenschaftliche Gesellschaft f\u00fcr Agrar\u00f6kologie), im politisch-institutionellen Kontext die Renamo (das nationale nationale Netzwerk an Gemeinden die \u00d6kologie f\u00f6rdern), und aus dem zivilgesellschaftlichen Bereich nat\u00fcrlich mit Gewerkschaften und lokalen Initiativen. Auf diese Initiativen und Bef\u00fcrworter*innen der Agrar\u00f6kologie m\u00f6chte ich jetzt einen genaueren Blick werfen und fragen, was f\u00fcr Zukunftsbilder sie sich ausmalen. Inwiefern sehen sie eine Konsistenz zwischen Agrobusiness und Agrar\u00f6kologie in der Zukunft?<\/p> <p>Die <b>staatlichen Akteure und Institutionen<\/b>, die f\u00fcr die Agrar\u00f6kologie einstehen und diese konkret in ihr Zukunftsbild mit einbinden, denken Agrar\u00f6kologie gemeinsam mit Agrobusiness. Sie r\u00e4umen nicht nur die M\u00f6glichkeit der Koexistenz ein, sondern sagen, dass diese Koexistenz w\u00fcnschenswert ist, damit eine gewisse Synergie entstehen kann. Damit das m\u00f6glich ist, braucht die Agrar\u00f6kologie Technologien, und um sie erwerben zu k\u00f6nnen, braucht es die Hilfe der Politik.\u00a0<\/p> <p>Da spielen einige dominante Narrative, von denen ich 2 beispielsweise nennen m\u00f6chte: Als erstes die Unproduktivit\u00e4t der Agrar\u00f6kologie. Das allgemeine Verst\u00e4ndnis ist, dass Agrar\u00f6kologie in Argentinien unterkapitalisiert und unproduktiv sei. Deswegen brauche es eben Technologien und staatliche Unterst\u00fctzung. Auf dieser Sichtweise basiert auch das zweite Argument, das besagt, dass es einen geteilten Markt brauche. Auch in der Zukunft brauche es die konventionelle Produktion f\u00fcr den Export und f\u00fcr die Generierung von Dollars, aber daneben als Alternative und vielleicht etwas unproduktiver, die Produktion f\u00fcr die Versorgung des Landesinneren.<\/p> <p>Diese Trennung des Marktes wird als unumst\u00f6sslich, aber auch als positiv komplement\u00e4r angesehen. Deswegen ist die Zukunftsperspektive im Falle dieser Gruppe vielleicht mehr eine Kontinuit\u00e4t des Status quo, wo sozial \u00f6kologische Konflikte die entstehen k\u00f6nnen, ausgeklammert werden.<\/p> <p>Die <b>alternativen Ern\u00e4hrungsnetzwerke<\/b> hingegen, also jene Netzwerke, die Agrar\u00f6kologie schon in der Praxis implementieren, sehen keine Koexistenz mit dem Agri-Business. Die ganzen Gr\u00fcnde, wieso diese Personen Agrar\u00f6kologie in der Praxis umsetzen, sind auch die Gr\u00fcnde, weshalb sie eine Koexistenz mit der Corporate Agrarindustrie ablehnen. Sie verweisen auf die Konkurrenz \u00fcber das Land und auch den Einsatz von Pestiziden, die eine Koexistenz verunm\u00f6glichen. Gleichzeitig zeichnen diese Akteur*innen auch Bilder, die vielleicht etwas pragmatischer sind und die Unumg\u00e4nglichkeit der Konsistenz einr\u00e4umen. Eine Produzentin sagte: \"Die Agrarindustrie wird nicht aufh\u00f6ren, wir m\u00fcssen versuchen, uns ins Produktionssystem also irgendwie einzuf\u00fcgen.\u201d\u00a0 Also auch hier sind die Zukunftsvisionen nicht so radikal utopisch, wie wir uns vielleicht gedacht hatten. Es sind eher ambivalente Zukunftsperspektiven, zweigeteilt zwischen utopischem Idealismus und pragmatischem Realismus. Eine andere Produzentin sagte eben zu mir, das Schl\u00fcsselwort in Bezug auf die Koexistenz sei nicht, ob sie koexistieren k\u00f6nnen, sondern ob sie sollten. Also zusammenfassend: Beide Gruppen, d.h. Vertreterinnen der Agrar\u00f6kologie und die staatlichen Akteur*innen, zeichneten Zukunftsbilder, die in irgendeiner Form das Agribusiness beinhalteten. Da m\u00f6chte ich die Frage in die Runde werfen: Wo gehen wir denn hin, wenn selbst die Vertreterinnen der Agrar\u00f6kologie das Agribusiness der Zukunft mitdenken?<\/p> <h4>Transformative Zukunftsbilder brauchen stabilen Boden<\/h4> <p>Um diesen Exkurs nach Argentinien mit einer konstruktiveren Note zu beenden m\u00f6chte ich auf ein paar Aspekte eingehen, die die Kreation von transformativen Zukunftsbildern verhindern oder einschr\u00e4nken, und auch ein paar Appelle formulieren, um eben solche transformativen Zukunftsbilder zeichnen zu k\u00f6nnen und dann auch in die Realit\u00e4t umzusetzen. Da m\u00f6chte ich mit 2 kurzen Geschichten starten aus einer Untersuchungsregion in Rio Negro, s\u00fcdlich von Buenos Aires, und Zitaten von Landwirtinnen. In der Zusammenarbeit mit den Landwirten wurde\u00a0 ein zentrales Problem herausgearbeitet, und zwar die Kontrolle von Unkraut. Eine Produzentin sagte zu mir, eine Strategie, die sie gefunden haben, sei das Mulchen. Dazu verwenden sie das ausgediente Plastik der umliegenden Zwiebelproduzenten. Zum Kontext: Die Zwiebelproduktion dort ist konventionell und vor allem f\u00fcr den Export gedacht. Das heisst, das Plastik, das die \u00f6kologischen Produzent*innen wiederverwenden, ist voller Pestizidr\u00fcckst\u00e4nde. Es kann deshalb auch nicht mehr recycelt werden. Das heisst, die kleinen, \u00f6kologischen Produzent*innen k\u00f6nnen das Plastik nicht mehr in die Recyclingstationen zur\u00fcckgeben, sondern m\u00fcssen es vor Ort, auf ihren Farmen, auch verbrennen. Neben diesen negativen Aspekten zeigt sich hier auch einfach ein Abh\u00e4ngigkeitsverh\u00e4ltnis, das aufgebaut wird.<\/p> <p>Eine \u00e4hnliche Dynamik ergibt sich in Bezug auf das Land. Wieder am Beispiel der Zwiebeln: Die Zwiebelproduktion ist h\u00f6chst spekulativ und hat die Bodenpreise in den letzten Jahren stark steigen lassen, wodurch das Land eben nicht mehr leistbar wurde f\u00fcr die agrar\u00f6kologischen kleinen Produzent*innen. Was passiert? Nach 3 Jahren Zwiebelproduktion ist das Land ausgelaugt und nicht mehr interessant ist f\u00fcr die Zwiebelproduzent*innen. Sie ziehen weiter, pachten ein anderes Land und das verlassene wird pl\u00f6tzlich eben wieder preislich erschwinglich f\u00fcr die agrar\u00f6kologischen Produzent*innen. Das heisst, sie gehen auf dieses ausgelaugte Land und versuchen mit ihren agrar\u00f6kologischen Praktiken, die Bodenfruchtbarkeit wiederherzustellen, bis das Land wieder interessant wird f\u00fcr andere Formen der Produktion. So geht der Teufelskreis weiter. Diese Abh\u00e4ngigkeitsverh\u00e4ltnisse oder Beziehungen sind oftmals perfekt und m\u00fcssen daher aufgedeckt und auch Allianzen und L\u00f6sungsstrategien f\u00fcr die Opfer des Agribusiness gedacht werden. Schlussendlich k\u00f6nnen eben auch langfristige nachhaltige Zukunftsbilder nur auf einem stabilen Boden florieren.\u00a0<\/p> <p><a href=\"https:\/\/www.agrarinfo.ch\/wp-content\/uploads\/sites\/2\/2024\/10\/3_1-18.jpg\"><img loading=\"lazy\" decoding=\"async\" src=\"https:\/\/www.agrarinfo.ch\/wp-content\/uploads\/sites\/2\/2024\/10\/3_1-18.jpg\" alt=\"\" width=\"500\" height=\"281\" srcset=\"https:\/\/www.agrarinfo.ch\/wp-content\/uploads\/sites\/2\/2024\/10\/3_1-18.jpg 2000w, https:\/\/www.agrarinfo.ch\/wp-content\/uploads\/sites\/2\/2024\/10\/3_1-18-300x169.jpg 300w, https:\/\/www.agrarinfo.ch\/wp-content\/uploads\/sites\/2\/2024\/10\/3_1-18-1024x576.jpg 1024w, https:\/\/www.agrarinfo.ch\/wp-content\/uploads\/sites\/2\/2024\/10\/3_1-18-768x432.jpg 768w, https:\/\/www.agrarinfo.ch\/wp-content\/uploads\/sites\/2\/2024\/10\/3_1-18-1536x864.jpg 1536w\" sizes=\"auto, (max-width: 500px) 100vw, 500px\" \/><\/a><\/p> <p>Ein weiteres Zitat: \u201cSie reinigen die Bew\u00e4sserungskan\u00e4le mit Glyphosat.\u201d \u201cJa, aber das ist nichts Neues, das ist kein Geheimnis.\u201d\u00a0<\/p> <p>Als ich das geh\u00f6rt habe in einem Workshop sind mir zuerst mal die Alarmglocken hoch gegangen. Ich habe mir gedacht: \"Wahnsinn, wie so latente und irgendwie lange Zeit auch unterdr\u00fcckte Konflikte dazu f\u00fchren k\u00f6nnen, dass <a href=\"https:\/\/de.wikipedia.org\/wiki\/Dystopie\">Dystopien<\/a>\u00a0normalisiert werden.\u201d Diese Dystopien werden Teil einer scheinbar unver\u00e4nderbaren Realit\u00e4t und auch in Zukunftsbilder mitgenommen, weil sie als Basis und etwas Unver\u00e4nderbares gelten. Dem muss auch entgegengewirkt werden durch eine kritische Problematisierung und auch f\u00fcr eine Meinungs- und Versammlungsfreiheit, die derzeit in Argentinien stark eingeschr\u00e4nkt wird.<\/p> <p>Ein vorletztes Beispiel: Unsere Vorstellungswelt wurde kolonisiert mit dem Ergebnis, dass wir uns nur noch Dystopien vorstellen k\u00f6nnen. Wir m\u00fcssen k\u00e4mpfen, um wieder f\u00e4hig zu sein, uns eine andere Zukunft vorzustellen. Eine Produzentin sagte zu mir, \"wenn der Samen bereits besch\u00e4digt ist, dann kann nichts mehr gesundes wachsen\u201d.\u00a0 Wir m\u00fcssen also unsere Perspektiven dekolonisieren, sowohl in Argentinien als auch hier in Europa und anderswo, und beispielsweise L\u00e4nder wie Argentinien neu anschauen und nicht nur als Rohstofflieferanten definieren.\u00a0<\/p> <p>2 letzte Zitate von Produzentinnen, als es eben um Zukunftsperspektiven und Bilder ging: \u201cIch will nicht an die Zukunft denken, denn ich bin schon genug mit der Gegenwart besch\u00e4ftigt\u201d.\u00a0 \u201cIch sollte besser nicht mitmachen und keine Fehler zu machen.\u00a0 Andere wissen es sowieso besser.\u201d\u00a0<\/p> <p>Damit m\u00f6chte ich folgende Fragen in den Raum werfen: Wer hat denn die Ressourcen, Zukunftsvisionen zu denken? Wem schreiben wir die F\u00e4higkeiten zu, solches zu tun? Wer traut sich in Folge auch selbst die F\u00e4higkeiten zu solches zu tun? Wem h\u00f6ren wir zu? Um transformative Zukunftsbilder zu zeichnen, braucht es die Stimmen und Visionen aller, vor allem auch jener Personen, deren Existenz vom Ern\u00e4hrungssystem abh\u00e4ngt. Die systemische Gerechtigkeit oder Ungerechtigkeit in alledem muss mitgedacht werden.\u00a0<\/p> <p>Die derzeitige Dynamik in Argentinien ist weit davon entfernt: die Universit\u00e4ten in Argentinien sind besetzt zur Verteidigung des \u00f6ffentlichen Unisystems. Die Forschungsgelder sind eingefroren und die Regierung hat dem nationalen Institut f\u00fcr Agrar\u00f6kologie verboten, W\u00f6rter wie Klimawandel, Agrar\u00f6kologie oder Gender zu verwenden. Es braucht ein \u00f6ffentliches Bildungssystem und eine Gew\u00e4hrleistung unabh\u00e4ngiger kritischer Forschung, um genau solche Zukunftsbilder oder alternative Zukunftsbilder zeichnen zu k\u00f6nnen. Dennoch gibt es Agrar\u00f6kologie in Argentinien. Die Bewegung ist stark und wird immer st\u00e4rker. Vielleicht w\u00e4re sie noch st\u00e4rker mit weniger Gegenwind, aber es geht auch so weiter.<\/p> <h4>Transformation braucht Allianzbildung. Beispiele aus Mitteleuropa<\/h4> <p>Zur\u00fcck nach Mitteleuropa zu zwei Beispielen in anderen lokalen Systemen, in Interaktion mit anderen r\u00e4umlichen Ebenen:<\/p> <p>Das erste dreht sich um die urbanen Ern\u00e4hrungssysteme in Tschechien, ganz konkret um Prag und Br\u00fcnn. Das ist eine Arbeit, die auch sehr stark meine Kollegin Michaela Pixov\u00e1 gemacht hat, Geographin in Prag, mit der These, dass es, wie wir schon geh\u00f6rt haben, Unterst\u00fctzung brauche, um lokale Ern\u00e4hrungssysteme zu st\u00e4rken. Kurz der nationale Kontext: Wir befinden uns hier in einem postsozialistischen Nahrungsregime. Tschechien ist eines der L\u00e4nder mit sehr sehr grossen Agroholdings, als postsozialistisches Erbe. 90% der Betriebe bewirtschaften \u00fcber 50 ha, und seit den 1990er Jahren gibt es auch eine starke Pr\u00e4senz von transnationalen Ketten, vor allem von den Superm\u00e4rkten. Gleichzeitig gab es aber auch eine starke Tradition der Selbstversorgung \u00fcber Kleing\u00e4rten, so wie in Polen und in der Slovakei auch. Es scheint mir sehr spezifisch f\u00fcr Zentral- und Mitteleuropa, dass diese Kleing\u00e4rten, obwohl ihnen etwas \"Veraltetes\" anhaftet, noch so stark in der Gesellschaft verankert sind.\u00a0 Wir haben uns gefragt, wie sich das in den st\u00e4dtischen Lebensmittelpolitiken \u00e4ussert.\u00a0<\/p> <p>Eine st\u00e4dtische Lebensmittelpolitik ist, ansatzweise, auf Papier vorhanden, aber st\u00e4dtische Unterst\u00fctzung erhalten die vermeindlich veralteten Kleing\u00e4rten, in denen weiterhin sehr viel gutes Gem\u00fcse w\u00e4chst, nur noch minimal. Das immer gr\u00f6sser werdende Interesse der Bev\u00f6lkerung an frischen und gesunden Nahrungsmitteln f\u00fchrt zur Entstehung von Bauernm\u00e4rkten, von Initiativen wie Gemeinschaftsg\u00e4rten und solidarischer Landwirtschaft, sowie NGOs, die sich mit Kreislaufwirtschaft und der Reduktion von Lebensmittelabf\u00e4llen befassen.<\/p> <p><a href=\"https:\/\/www.agrarinfo.ch\/wp-content\/uploads\/sites\/2\/2024\/10\/3_1-22.jpg\"><img loading=\"lazy\" decoding=\"async\" src=\"https:\/\/www.agrarinfo.ch\/wp-content\/uploads\/sites\/2\/2024\/10\/3_1-22.jpg\" alt=\"\" width=\"500\" height=\"281\" srcset=\"https:\/\/www.agrarinfo.ch\/wp-content\/uploads\/sites\/2\/2024\/10\/3_1-22.jpg 2000w, https:\/\/www.agrarinfo.ch\/wp-content\/uploads\/sites\/2\/2024\/10\/3_1-22-300x169.jpg 300w, https:\/\/www.agrarinfo.ch\/wp-content\/uploads\/sites\/2\/2024\/10\/3_1-22-1024x576.jpg 1024w, https:\/\/www.agrarinfo.ch\/wp-content\/uploads\/sites\/2\/2024\/10\/3_1-22-768x432.jpg 768w, https:\/\/www.agrarinfo.ch\/wp-content\/uploads\/sites\/2\/2024\/10\/3_1-22-1536x864.jpg 1536w\" sizes=\"auto, (max-width: 500px) 100vw, 500px\" \/><\/a><\/p> <p>Transformation braucht Allianzbildung zwischen Initiativen mit unterschiedlichem Grad an <a href=\"https:\/\/www.bwl-lexikon.de\/wiki\/sozialkapital\/\">Sozialkapital<\/a>\u00a0und unterschiedlichen Links zu den st\u00e4dtischen Institutionen.<\/p> <p>Ein zweites Beispiel aus \u00d6sterreich: <strong>Vom Green Deal haben wir schon geh\u00f6rt, die Farm to Fork Stragegy ist Teil davon<\/strong>. Wir haben die Frage gestellt, wie sich der Grean Deal anhand der Vom Hof auf den Tisch - Strategie in \u00d6sterreich manifestiert. In Experteninterviews haben wir 3 politische Projekte identifiziert, getragen von 3 verschiedenen Gruppen\u00a0<\/p> <ul> <li style=\"font-weight: 400;\">die Konservativen Kr\u00e4fte, die, zusammen mit der Agrarindustrie, der Landwirtschaftskammer und weiteren, mit einem starken Narrativ der Angst, dass die Vom Hof auf den Tisch-Strategie die Lebensgrundlage der Bauern und B\u00e4uerinnen zerst\u00f6re, die Diskussion dominieren;<\/li> <\/ul> <ul> <li style=\"font-weight: 400;\">institutionelle Akteur*innen, u.a. aus Klima- und Sozialministerium, setzen auf den Narrativ der Transparenz und gemeinsame Gouvernance und fordern die Umsetzung der Farm 2 Fork Strategie;<\/li> <li style=\"font-weight: 400;\">soziale Bewegungen wie die Bewegung f\u00fcr Ern\u00e4hrungssouver\u00e4nit\u00e4t, denen diese Strategie nicht weit genug geht und die Alternativen fordern\u00a0<\/li> <\/ul> <p><a href=\"https:\/\/www.agrarinfo.ch\/wp-content\/uploads\/sites\/2\/2024\/10\/3_1-24.jpg\"><img loading=\"lazy\" decoding=\"async\" src=\"https:\/\/www.agrarinfo.ch\/wp-content\/uploads\/sites\/2\/2024\/10\/3_1-24.jpg\" alt=\"\" width=\"500\" height=\"281\" srcset=\"https:\/\/www.agrarinfo.ch\/wp-content\/uploads\/sites\/2\/2024\/10\/3_1-24.jpg 2000w, https:\/\/www.agrarinfo.ch\/wp-content\/uploads\/sites\/2\/2024\/10\/3_1-24-300x169.jpg 300w, https:\/\/www.agrarinfo.ch\/wp-content\/uploads\/sites\/2\/2024\/10\/3_1-24-1024x576.jpg 1024w, https:\/\/www.agrarinfo.ch\/wp-content\/uploads\/sites\/2\/2024\/10\/3_1-24-768x432.jpg 768w, https:\/\/www.agrarinfo.ch\/wp-content\/uploads\/sites\/2\/2024\/10\/3_1-24-1536x864.jpg 1536w\" sizes=\"auto, (max-width: 500px) 100vw, 500px\" \/><\/a><\/p> <p>Ein Konflikt bez\u00fcglich der Umsetzung der Strategie ist, dass diese verschiedenen Projekte und Interessensgruppen unterschiedliche Entscheidungsmacht und finanzielle Ressourcen haben, und dass die Zielgruppen unterschiedlich betroffen sind. Ausserdem wird, wie immer wieder, individualisiert. Das heisst, es werden Personen als Konsument*innen oder als Produzent*innen direkt angesprochen, w\u00e4hrend die ganze Verarbeitungsindustrie ausgeblendet wird. Die Rolle der Superm\u00e4rkte: inexistent. Dabei w\u00e4ren diese Akteure eigentlich ein wichtiger Teil der Strategie. Auch die Diversit\u00e4t der B\u00e4uerinnen und Bauern wird nicht beachtet: vermeintlich w\u00e4ren alle gleich gross, h\u00e4tten das gleiche Kapital, w\u00e4ren gleich politisch engagiert und von den gleichen Institutionen vertreten etc., was nicht der Fall ist.\u00a0\u00a0<\/p> <p>Trotzdem: es gab tats\u00e4chlich auch eine institutionelle Entwicklung, indem neue institutionelle Strukturen entstanden, die Kommunikation und Kooperation zwischen den verschiedenen Ministerien f\u00f6rdern.<\/p> <p>Zusammenfassend: sind wir ausgegangen von Konflikten in lokalen Ern\u00e4hrungssystemen im jeweiligen nationalen und globalen Kontext, dass es f\u00fcr die Transformation ver\u00e4nderte Zukunftsbilder braucht und gleichzeitig eben auch immer wieder die Einbettung in verschiedenen r\u00e4umlichen h\u00f6heren Ebenen, von Stadt oder dem Land.<\/p>\n<\/p> <h2><em><strong>Diskussion\u00a0\u00fcber agrar\u00f6kologische Ans\u00e4tze f\u00fcr ein nachhaltiges und resilientes weltweites Ern\u00e4hrungssystems und dar\u00fcber, wie wir den daf\u00fcr notwendigen Wertewandel anstossen k\u00f6nnen.<\/strong><\/em><\/h2> <p>Klicken Sie zur von Marguerite Meyer moderierten <a href=\"https:\/\/www.youtube.com\/live\/sRJZyLuMyI8?si=-0kG0cD6iyvRWX7H&amp;t=1851\" target=\"_blank\" rel=\"noopener\">Podiumsdiskussion mit (in alphabethischer Reihenfolge) Anna-Maria Brunner (Universit\u00e4t Innsbruck),\u00a0 Raeto Cadotsch (Fili\u00e8re Alimentaire des Vergers, Meyrin) und Christina Plank (BOKU University Wien\u00a0 \u2192<\/a><\/p>\n<a href=\"#TOC\"> <em><svg aria-hidden=\"true\"><use href=\"#tf-ti-arrow-up\"><\/use><\/svg><\/em> zur\u00fcck nach oben <\/a>","_links":{"self":[{"href":"https:\/\/www.agrarinfo.ch\/de\/wp-json\/wp\/v2\/posts\/17942","targetHints":{"allow":["GET"]}}],"collection":[{"href":"https:\/\/www.agrarinfo.ch\/de\/wp-json\/wp\/v2\/posts"}],"about":[{"href":"https:\/\/www.agrarinfo.ch\/de\/wp-json\/wp\/v2\/types\/post"}],"author":[{"embeddable":true,"href":"https:\/\/www.agrarinfo.ch\/de\/wp-json\/wp\/v2\/users\/14"}],"replies":[{"embeddable":true,"href":"https:\/\/www.agrarinfo.ch\/de\/wp-json\/wp\/v2\/comments?post=17942"}],"version-history":[{"count":67,"href":"https:\/\/www.agrarinfo.ch\/de\/wp-json\/wp\/v2\/posts\/17942\/revisions"}],"predecessor-version":[{"id":18354,"href":"https:\/\/www.agrarinfo.ch\/de\/wp-json\/wp\/v2\/posts\/17942\/revisions\/18354"}],"wp:featuredmedia":[{"embeddable":true,"href":"https:\/\/www.agrarinfo.ch\/de\/wp-json\/wp\/v2\/media\/18299"}],"wp:attachment":[{"href":"https:\/\/www.agrarinfo.ch\/de\/wp-json\/wp\/v2\/media?parent=17942"}],"wp:term":[{"taxonomy":"category","embeddable":true,"href":"https:\/\/www.agrarinfo.ch\/de\/wp-json\/wp\/v2\/categories?post=17942"},{"taxonomy":"post_tag","embeddable":true,"href":"https:\/\/www.agrarinfo.ch\/de\/wp-json\/wp\/v2\/tags?post=17942"}],"curies":[{"name":"wp","href":"https:\/\/api.w.org\/{rel}","templated":true}]}}